{"id":7086,"date":"2024-10-22T08:14:06","date_gmt":"2024-10-22T06:14:06","guid":{"rendered":"https:\/\/elcafedepipa.com\/?p=7086"},"modified":"2024-10-22T08:14:07","modified_gmt":"2024-10-22T06:14:07","slug":"nules-celebra-el-dia-del-comerc-local-amb-activitats-i-musica-en-directe","status":"publish","type":"post","link":"https:\/\/elcafedepipa.com\/index.php\/2024\/10\/22\/nules-celebra-el-dia-del-comerc-local-amb-activitats-i-musica-en-directe\/","title":{"rendered":"Nules celebra el &#8220;Dia del Comer\u00e7 Local&#8221; amb activitats i m\u00fasica en directe"},"content":{"rendered":"\n<p><strong>Divendres tindr\u00e0 lloc una jornada de promoci\u00f3 del comer\u00e7 local\u00a0<\/strong><\/p>\n\n\n\n<p>Aquest&nbsp;divendres, 25 d\u2019octubre, Nules acollir\u00e0 per primera vegada el &#8220;Dia del Comer\u00e7 Local&#8221; sota el lema &#8220;Viu-lo&#8221;. La jornada tindr\u00e0 lloc al Mercat Municipal i comptar\u00e0 amb la participaci\u00f3 d&#8217;una vintena d&#8217;establiments locals, oferint una variada proposta comercial, acompanyada de m\u00fasica en directe, espectacles de flamenc i una \u00e0mplia oferta gastron\u00f2mica.<\/p>\n\n\n\n<p>L&#8217;esdeveniment comen\u00e7ar\u00e0 a les cinc de la vesprada i es prolongar\u00e0 fins a les onze de la nit, amb actuacions com la de l\u2019estudi de dansa de&nbsp;Luisa&nbsp;Piquer i La&nbsp;Jefa&nbsp;DJ, que amenitzaran la vetlada amb m\u00fasica i espectacles en viu.<\/p>\n\n\n\n<p>La regidora de Comer\u00e7, Gemma&nbsp;Carratal\u00e1, ha destacat la import\u00e0ncia d&#8217;aquesta&nbsp;iniciativa per a donar visibilitat al comer\u00e7 local. &#8220;L&#8217;objectiu \u00e9s traure el nostre comer\u00e7 al carrer i apropar-lo als ve\u00efns, tot oferint una jornada especial i diferent per a gaudir del divendres&#8221;, ha assenyalat&nbsp;Carratal\u00e1, tot afegint que l\u2019Ajuntament vol donar suport al comer\u00e7 local amb&nbsp;aquest&nbsp;tipus d\u2019iniciatives.<\/p>\n\n\n\n<p>A m\u00e9s, la jornada ha estat organitzada amb la col\u00b7laboraci\u00f3 del Taller de Dones Nules II, que ha treballat amb els comer\u00e7os del municipi per a fomentar la seua implicaci\u00f3 en&nbsp;aquest&nbsp;projecte. &#8220;Gr\u00e0cies a la seua col\u00b7laboraci\u00f3,&nbsp;aquesta&nbsp;jornada ha estat possible&#8221;, ha concl\u00f2s&nbsp;Carratal\u00e1.<\/p>\n","protected":false},"excerpt":{"rendered":"<p>Divendres tindr\u00e0 lloc una jornada de promoci\u00f3 del comer\u00e7 local\u00a0 Aquest&nbsp;divendres, 25 d\u2019octubre, Nules acollir\u00e0 per primera vegada el &#8220;Dia del Comer\u00e7 Local&#8221; sota el lema &#8220;Viu-lo&#8221;. La jornada tindr\u00e0 lloc al Mercat Municipal i comptar\u00e0 amb la participaci\u00f3 d&#8217;una vintena d&#8217;establiments locals, oferint una variada proposta comercial, acompanyada de m\u00fasica en directe, espectacles de &#8230; <a title=\"Nules celebra el &#8220;Dia del Comer\u00e7 Local&#8221; amb activitats i m\u00fasica en directe\" class=\"read-more\" href=\"https:\/\/elcafedepipa.com\/index.php\/2024\/10\/22\/nules-celebra-el-dia-del-comerc-local-amb-activitats-i-musica-en-directe\/\" aria-label=\"M\u00e9s informaci\u00f3 sobre Nules celebra el &#8220;Dia del Comer\u00e7 Local&#8221; amb activitats i m\u00fasica en directe\">Read more<\/a><\/p>\n","protected":false},"author":2,"featured_media":0,"comment_status":"closed","ping_status":"closed","sticky":false,"template":"","format":"standard","meta":{"om_disable_all_campaigns":false,"_monsterinsights_skip_tracking":false,"_monsterinsights_sitenote_active":false,"_monsterinsights_sitenote_note":"","_monsterinsights_sitenote_category":0,"_uf_show_specific_survey":0,"_uf_disable_surveys":false,"footnotes":""},"categories":[3],"tags":[],"class_list":["post-7086","post","type-post","status-publish","format-standard","hentry","category-nules"],"_links":{"self":[{"href":"https:\/\/elcafedepipa.com\/index.php\/wp-json\/wp\/v2\/posts\/7086","targetHints":{"allow":["GET"]}}],"collection":[{"href":"https:\/\/elcafedepipa.com\/index.php\/wp-json\/wp\/v2\/posts"}],"about":[{"href":"https:\/\/elcafedepipa.com\/index.php\/wp-json\/wp\/v2\/types\/post"}],"author":[{"embeddable":true,"href":"https:\/\/elcafedepipa.com\/index.php\/wp-json\/wp\/v2\/users\/2"}],"replies":[{"embeddable":true,"href":"https:\/\/elcafedepipa.com\/index.php\/wp-json\/wp\/v2\/comments?post=7086"}],"version-history":[{"count":0,"href":"https:\/\/elcafedepipa.com\/index.php\/wp-json\/wp\/v2\/posts\/7086\/revisions"}],"wp:attachment":[{"href":"https:\/\/elcafedepipa.com\/index.php\/wp-json\/wp\/v2\/media?parent=7086"}],"wp:term":[{"taxonomy":"category","embeddable":true,"href":"https:\/\/elcafedepipa.com\/index.php\/wp-json\/wp\/v2\/categories?post=7086"},{"taxonomy":"post_tag","embeddable":true,"href":"https:\/\/elcafedepipa.com\/index.php\/wp-json\/wp\/v2\/tags?post=7086"}],"curies":[{"name":"wp","href":"https:\/\/api.w.org\/{rel}","templated":true}]}}