{"id":7009,"date":"2024-10-18T15:10:53","date_gmt":"2024-10-18T13:10:53","guid":{"rendered":"https:\/\/elcafedepipa.com\/?p=7009"},"modified":"2024-10-18T15:10:55","modified_gmt":"2024-10-18T13:10:55","slug":"la-biblioteca-municipal-joan-fuster-dalmenara-guanya-el-premi-maria-moliner-del-ministeri-de-cultura","status":"publish","type":"post","link":"https:\/\/elcafedepipa.com\/index.php\/2024\/10\/18\/la-biblioteca-municipal-joan-fuster-dalmenara-guanya-el-premi-maria-moliner-del-ministeri-de-cultura\/","title":{"rendered":"La Biblioteca Municipal Joan Fuster d&#8217;Almenara guanya el Premi Mar\u00eda Moliner del Ministeri de Cultura"},"content":{"rendered":"\n<p><strong>Rebr\u00e0 2.777 euros per a invertir-los en la compra de nous llibres i col\u00b7leccions<\/strong><\/p>\n\n\n\n<p>La Biblioteca Municipal Joan Fuster d&#8217;Almenara ha sigut guardonada amb un dels premis \u201cMar\u00eda Moliner\u201d que concedeix el Ministeri de Cultura i Esport per la promoci\u00f3 de la lectura i les campanyes realitzades. El premi compta amb una dotaci\u00f3 econ\u00f2mica de 2.777,77 euros, que s&#8217;invertiran en la compra de llibres i col\u00b7leccions per a ampliar el fons que disposa la biblioteca p\u00fablica d&#8217;Almenara, segons marca la normativa del premi.<\/p>\n\n\n\n<p>El projecte pel qual ha sigut guardonada la Biblioteca P\u00fablica &nbsp;Joan Fuster d&#8217;Almenara porta per t\u00edtol \u201cla Biblioteca: col\u00b7laboradora necess\u00e0ria en la diversitat cultural\u201d i en ell s&#8217;arrepleguen les activitats dutes a terme des de mar\u00e7 de 2023 fins a juny de 2024, com s\u00f3n el foment de la lectura, contacontes, xarrades, visites, activitats amb els escolars, la commemoraci\u00f3 de l\u2019Any Estell\u00e9s, juntament amb les accions dutes a terme des de l&#8217;\u00e0rea de Cultura en col\u00b7laboraci\u00f3 amb els departaments d&#8217;Igualtat i de Mem\u00f2ria Democr\u00e0tica.<\/p>\n\n\n\n<p>L&#8217;alcaldessa d&#8217;Almenara, Est\u00edbaliz P\u00e9rez, ha destacat la labor que porta a terme la Biblioteca Joan Fuster d\u2019Almenara \u201cno sols en el foment lector, sin\u00f3 tamb\u00e9 en el foment de valors com la igualtat o la diversitat\u201d. L&#8217;alcaldessa, ha volgut felicitar en nom de la Corporaci\u00f3 al personal que se encarrega de la Biblioteca, aix\u00ed com a les regidories de Cultura, Igualtat i Mem\u00f2ria Democr\u00e0tica, igual que a totes les persones, entitats i associacions que han col\u00b7laborat en les activitats que ara han sigut premiades i reconegudes.<\/p>\n","protected":false},"excerpt":{"rendered":"<p>Rebr\u00e0 2.777 euros per a invertir-los en la compra de nous llibres i col\u00b7leccions La Biblioteca Municipal Joan Fuster d&#8217;Almenara ha sigut guardonada amb un dels premis \u201cMar\u00eda Moliner\u201d que concedeix el Ministeri de Cultura i Esport per la promoci\u00f3 de la lectura i les campanyes realitzades. El premi compta amb una dotaci\u00f3 econ\u00f2mica de &#8230; <a title=\"La Biblioteca Municipal Joan Fuster d&#8217;Almenara guanya el Premi Mar\u00eda Moliner del Ministeri de Cultura\" class=\"read-more\" href=\"https:\/\/elcafedepipa.com\/index.php\/2024\/10\/18\/la-biblioteca-municipal-joan-fuster-dalmenara-guanya-el-premi-maria-moliner-del-ministeri-de-cultura\/\" aria-label=\"M\u00e9s informaci\u00f3 sobre La Biblioteca Municipal Joan Fuster d&#8217;Almenara guanya el Premi Mar\u00eda Moliner del Ministeri de Cultura\">Read more<\/a><\/p>\n","protected":false},"author":2,"featured_media":0,"comment_status":"closed","ping_status":"closed","sticky":false,"template":"","format":"standard","meta":{"om_disable_all_campaigns":false,"_monsterinsights_skip_tracking":false,"_monsterinsights_sitenote_active":false,"_monsterinsights_sitenote_note":"","_monsterinsights_sitenote_category":0,"_uf_show_specific_survey":0,"_uf_disable_surveys":false,"footnotes":""},"categories":[5],"tags":[],"class_list":["post-7009","post","type-post","status-publish","format-standard","hentry","category-almenara"],"_links":{"self":[{"href":"https:\/\/elcafedepipa.com\/index.php\/wp-json\/wp\/v2\/posts\/7009","targetHints":{"allow":["GET"]}}],"collection":[{"href":"https:\/\/elcafedepipa.com\/index.php\/wp-json\/wp\/v2\/posts"}],"about":[{"href":"https:\/\/elcafedepipa.com\/index.php\/wp-json\/wp\/v2\/types\/post"}],"author":[{"embeddable":true,"href":"https:\/\/elcafedepipa.com\/index.php\/wp-json\/wp\/v2\/users\/2"}],"replies":[{"embeddable":true,"href":"https:\/\/elcafedepipa.com\/index.php\/wp-json\/wp\/v2\/comments?post=7009"}],"version-history":[{"count":0,"href":"https:\/\/elcafedepipa.com\/index.php\/wp-json\/wp\/v2\/posts\/7009\/revisions"}],"wp:attachment":[{"href":"https:\/\/elcafedepipa.com\/index.php\/wp-json\/wp\/v2\/media?parent=7009"}],"wp:term":[{"taxonomy":"category","embeddable":true,"href":"https:\/\/elcafedepipa.com\/index.php\/wp-json\/wp\/v2\/categories?post=7009"},{"taxonomy":"post_tag","embeddable":true,"href":"https:\/\/elcafedepipa.com\/index.php\/wp-json\/wp\/v2\/tags?post=7009"}],"curies":[{"name":"wp","href":"https:\/\/api.w.org\/{rel}","templated":true}]}}