{"id":6992,"date":"2024-10-18T13:48:45","date_gmt":"2024-10-18T11:48:45","guid":{"rendered":"https:\/\/elcafedepipa.com\/?p=6992"},"modified":"2024-10-18T13:48:47","modified_gmt":"2024-10-18T11:48:47","slug":"juanfran-perez-destaca-laposta-del-govern-de-carlos-mazon-per-la-conciliacio-familiar-i-laboral-a-la-comunitat-valenciana","status":"publish","type":"post","link":"https:\/\/elcafedepipa.com\/index.php\/2024\/10\/18\/juanfran-perez-destaca-laposta-del-govern-de-carlos-mazon-per-la-conciliacio-familiar-i-laboral-a-la-comunitat-valenciana\/","title":{"rendered":"Juanfran P\u00e9rez destaca l&#8217;aposta del govern de Carlos Maz\u00f3n per la conciliaci\u00f3 familiar i laboral a la Comunitat Valenciana"},"content":{"rendered":"\n<p><strong>Juanfran\u00a0P\u00e9rez ha recordat que &#8220;el\u00a0president Maz\u00f3n va anunciar en el\u00a0debat de Pol\u00edtica General\u00a0les noves deduccions fiscals per naixement o adopci\u00f3&#8221;<\/strong><\/p>\n\n\n\n<p>El secretari general del Partit Popular de la Comunitat Valenciana (PPCV),&nbsp;Juanfran&nbsp;P\u00e9rez, ha ressaltat &#8220;la gran aposta del govern del canvi de Carlos Maz\u00f3n per la conciliaci\u00f3 familiar i laboral a la Comunitat Valenciana&#8221;, una pol\u00edtica que, segons ell, &#8220;continuar\u00e0&#8221; i que s&#8217;ha impulsat &#8220;des del primer dia&#8221; a trav\u00e9s de deduccions fiscals per a cuidadors de persones dependents i recentment amb la implementaci\u00f3 de l&#8217;educaci\u00f3 gratu\u00efta i universal per a xiquets i xiquetes de 0 a 3 anys.<\/p>\n\n\n\n<p>P\u00e9rez ha fet&nbsp;aquestes&nbsp;declaracions durant la seua visita a l&#8217;Associaci\u00f3 d&#8217;Ames de Casa i Consumidors&nbsp;Tyrius&nbsp;a Val\u00e8ncia, on ha estat acompanyat pel portaveu del Partit Popular&nbsp;a nivell nacional, Borja S\u00e9mper.<\/p>\n\n\n\n<p>El secretari general dels populars valencians ha valorat positivament &#8220;la proposta del PP&nbsp;a nivell nacional&nbsp;per a fomentar la conciliaci\u00f3&#8221; i ha destacat que &#8220;la millor forma de demostrar que les propostes pol\u00edtiques s\u00f3n serioses \u00e9s quan les implementem en govern, i aix\u00f2 \u00e9s el que est\u00e0 passant a la Comunitat Valenciana&#8221;.<\/p>\n\n\n\n<p>En&nbsp;aquest&nbsp;context, P\u00e9rez ha recordat que &#8220;el president Maz\u00f3n va anunciar en el&nbsp;debat de Pol\u00edtica General&nbsp;noves deduccions fiscals per naixement o adopci\u00f3&#8221;. A m\u00e9s, ha subratllat l&#8217;esfor\u00e7 econ\u00f2mic que est\u00e0 fent l&#8217;actual Consell en favor de l&#8217;educaci\u00f3 universal i gratu\u00efta a tota la Comunitat Valenciana.<\/p>\n\n\n\n<p>Tamb\u00e9 ha remarcat que &#8220;s&#8217;han disposat 72.000 places per als xiquets m\u00e9s menuts, de manera que els pares i mares no hagen de pagar per deixar els seus fills en les escoles infantils&#8221;. Aix\u00f2 ha suposat &#8220;una inversi\u00f3 de m\u00e9s de 160 milions d&#8217;euros que enguany destinar\u00e0 la Generalitat per a ajudar a conciliar la vida laboral i familiar&#8221;.<\/p>\n\n\n\n<p>Finalment, P\u00e9rez ha assenyalat que&nbsp;aquesta&nbsp;mesura &#8220;no es queda ac\u00ed&#8221;, ja que &#8220;la idea \u00e9s continuar, i cada curs pol\u00edtic, que sol coincidir amb l&#8217;escolar, es presentaran noves propostes en&nbsp;aquesta&nbsp;l\u00ednia&#8221;.<\/p>\n","protected":false},"excerpt":{"rendered":"<p>Juanfran\u00a0P\u00e9rez ha recordat que &#8220;el\u00a0president Maz\u00f3n va anunciar en el\u00a0debat de Pol\u00edtica General\u00a0les noves deduccions fiscals per naixement o adopci\u00f3&#8221; El secretari general del Partit Popular de la Comunitat Valenciana (PPCV),&nbsp;Juanfran&nbsp;P\u00e9rez, ha ressaltat &#8220;la gran aposta del govern del canvi de Carlos Maz\u00f3n per la conciliaci\u00f3 familiar i laboral a la Comunitat Valenciana&#8221;, una pol\u00edtica &#8230; <a title=\"Juanfran P\u00e9rez destaca l&#8217;aposta del govern de Carlos Maz\u00f3n per la conciliaci\u00f3 familiar i laboral a la Comunitat Valenciana\" class=\"read-more\" href=\"https:\/\/elcafedepipa.com\/index.php\/2024\/10\/18\/juanfran-perez-destaca-laposta-del-govern-de-carlos-mazon-per-la-conciliacio-familiar-i-laboral-a-la-comunitat-valenciana\/\" aria-label=\"M\u00e9s informaci\u00f3 sobre Juanfran P\u00e9rez destaca l&#8217;aposta del govern de Carlos Maz\u00f3n per la conciliaci\u00f3 familiar i laboral a la Comunitat Valenciana\">Read more<\/a><\/p>\n","protected":false},"author":2,"featured_media":0,"comment_status":"closed","ping_status":"closed","sticky":false,"template":"","format":"standard","meta":{"om_disable_all_campaigns":false,"_monsterinsights_skip_tracking":false,"_monsterinsights_sitenote_active":false,"_monsterinsights_sitenote_note":"","_monsterinsights_sitenote_category":0,"_uf_show_specific_survey":0,"_uf_disable_surveys":false,"footnotes":""},"categories":[11],"tags":[],"class_list":["post-6992","post","type-post","status-publish","format-standard","hentry","category-comunitatvalenciana"],"_links":{"self":[{"href":"https:\/\/elcafedepipa.com\/index.php\/wp-json\/wp\/v2\/posts\/6992","targetHints":{"allow":["GET"]}}],"collection":[{"href":"https:\/\/elcafedepipa.com\/index.php\/wp-json\/wp\/v2\/posts"}],"about":[{"href":"https:\/\/elcafedepipa.com\/index.php\/wp-json\/wp\/v2\/types\/post"}],"author":[{"embeddable":true,"href":"https:\/\/elcafedepipa.com\/index.php\/wp-json\/wp\/v2\/users\/2"}],"replies":[{"embeddable":true,"href":"https:\/\/elcafedepipa.com\/index.php\/wp-json\/wp\/v2\/comments?post=6992"}],"version-history":[{"count":0,"href":"https:\/\/elcafedepipa.com\/index.php\/wp-json\/wp\/v2\/posts\/6992\/revisions"}],"wp:attachment":[{"href":"https:\/\/elcafedepipa.com\/index.php\/wp-json\/wp\/v2\/media?parent=6992"}],"wp:term":[{"taxonomy":"category","embeddable":true,"href":"https:\/\/elcafedepipa.com\/index.php\/wp-json\/wp\/v2\/categories?post=6992"},{"taxonomy":"post_tag","embeddable":true,"href":"https:\/\/elcafedepipa.com\/index.php\/wp-json\/wp\/v2\/tags?post=6992"}],"curies":[{"name":"wp","href":"https:\/\/api.w.org\/{rel}","templated":true}]}}