{"id":6986,"date":"2024-10-18T13:43:42","date_gmt":"2024-10-18T11:43:42","guid":{"rendered":"https:\/\/elcafedepipa.com\/?p=6986"},"modified":"2024-10-18T13:43:44","modified_gmt":"2024-10-18T11:43:44","slug":"lajuntament-de-la-vall-duixo-denuncia-la-falta-de-resposta-de-la-conselleria-sobre-el-contracte-programa-de-serveis-socials","status":"publish","type":"post","link":"https:\/\/elcafedepipa.com\/index.php\/2024\/10\/18\/lajuntament-de-la-vall-duixo-denuncia-la-falta-de-resposta-de-la-conselleria-sobre-el-contracte-programa-de-serveis-socials\/","title":{"rendered":"L&#8217;Ajuntament de la Vall d&#8217;Uix\u00f3 denuncia la falta de resposta de la Conselleria sobre el contracte-programa de serveis socials"},"content":{"rendered":"\n<p><strong>El contracte-programa que\u00a0garantix l&#8217;atenci\u00f3 prim\u00e0ria b\u00e0sica finalitza enguany i \u201cno sabem qu\u00e8 far\u00e0 la Generalitat Valenciana\u201d<\/strong><\/p>\n\n\n\n<p>L&#8217;Ajuntament de la Vall d&#8217;Uix\u00f3 ha expressat la seua preocupaci\u00f3 per la situaci\u00f3 del contracte-programa que finan\u00e7a la prestaci\u00f3 de serveis d&#8217;atenci\u00f3 prim\u00e0ria b\u00e0sica, i pel qual ha rebut m\u00e9s de 16 milions d&#8217;euros en els \u00faltims quatre anys (2021-2024).&nbsp;Aquest&nbsp;contracte finalitza enguany, i segons el regidor de l&#8217;\u00e0rea de Serveis Socials, Jorge Marqu\u00e9s, &#8220;no sabem res de qu\u00e8 far\u00e0 la Generalitat Valenciana&#8221;.<\/p>\n\n\n\n<p>El contracte-programa&nbsp;estableix&nbsp;les obligacions de cada administraci\u00f3 i finan\u00e7a serveis essencials com la intervenci\u00f3 en inf\u00e0ncia i adolesc\u00e8ncia, programes d&#8217;autonomia per a persones amb diversitat funcional, centres de dia per a persones majors, atenci\u00f3 primerenca infantil i la resid\u00e8ncia, responsabilitat de la Conselleria de Serveis Socials per\u00f2 prestats per l&#8217;Ajuntament.<\/p>\n\n\n\n<p>Amb data&nbsp;del 18 d&#8217;octubre, a menys de tres mesos de la finalitzaci\u00f3 del contracte, l&#8217;Ajuntament nom\u00e9s ha rebut tres comunicacions gen\u00e8riques i ha participat en una reuni\u00f3 telem\u00e0tica amb t\u00e8cnics de diversos municipis afectats, sense la pres\u00e8ncia de representants pol\u00edtics ni l&#8217;oportunitat de plantejar preguntes. En&nbsp;aquest&nbsp;sentit, Marqu\u00e9s ha q\u00fcestionat &#8220;qu\u00e8 amaga la Conselleria&#8221; i si s&#8217;est\u00e0 plantejant la possibilitat que la Vall deixe de rebre els 16 milions d&#8217;euros.<\/p>\n\n\n\n<p>Davant&nbsp;aquesta&nbsp;situaci\u00f3, el regidor ha exigit a la Conselleria &#8220;que ens asseiem a una taula de treball i negociaci\u00f3, com es fa en qualsevol contracte&#8221;. Marqu\u00e9s ha criticat la falta de resposta de la consellera&nbsp;Susana&nbsp;Camarero, i ha recordat que l&#8217;Ajuntament ha denunciat reiteradament&nbsp;l&#8217;infrafinan\u00e7ament&nbsp;del centre&nbsp;Llar&nbsp;Sagrada&nbsp;Familia, que funciona amb 1,5 milions d&#8217;euros de fons municipals malgrat ser una compet\u00e8ncia auton\u00f2mica.<\/p>\n\n\n\n<p>El trasp\u00e0s de les compet\u00e8ncies de la resid\u00e8ncia \u00e9s una de les principals demandes de l&#8217;Ajuntament en el nou contracte-programa, juntament amb la sol\u00b7licitud de finan\u00e7ament per a tres professionals m\u00e9s del servei d&#8217;ajuda a domicili, un programa d&#8217;atenci\u00f3 al desenvolupament infantil i un programa d&#8217;atenci\u00f3 i seguiment per a persones amb problemes de salut mental.<\/p>\n\n\n\n<p>El regidor ha remarcat la import\u00e0ncia que la Conselleria &#8220;deixe de banda els interessos partidistes i es centre en el benestar de les persones, especialment les m\u00e9s vulnerables&#8221;. Marqu\u00e9s ha criticat que, mentre la Generalitat Valenciana gestiona nous projectes en altres localitats, com la gesti\u00f3 d&#8217;un hospital a Alacant o l&#8217;anunci d&#8217;una nova resid\u00e8ncia a Castell\u00f3, en la Vall d&#8217;Uix\u00f3 encara no s&#8217;ha avan\u00e7at en el trasp\u00e0s de la resid\u00e8ncia, malgrat que el proc\u00e9s ja havia comen\u00e7at amb el Govern del Bot\u00e0nic.<\/p>\n","protected":false},"excerpt":{"rendered":"<p>El contracte-programa que\u00a0garantix l&#8217;atenci\u00f3 prim\u00e0ria b\u00e0sica finalitza enguany i \u201cno sabem qu\u00e8 far\u00e0 la Generalitat Valenciana\u201d L&#8217;Ajuntament de la Vall d&#8217;Uix\u00f3 ha expressat la seua preocupaci\u00f3 per la situaci\u00f3 del contracte-programa que finan\u00e7a la prestaci\u00f3 de serveis d&#8217;atenci\u00f3 prim\u00e0ria b\u00e0sica, i pel qual ha rebut m\u00e9s de 16 milions d&#8217;euros en els \u00faltims quatre anys &#8230; <a title=\"L&#8217;Ajuntament de la Vall d&#8217;Uix\u00f3 denuncia la falta de resposta de la Conselleria sobre el contracte-programa de serveis socials\" class=\"read-more\" href=\"https:\/\/elcafedepipa.com\/index.php\/2024\/10\/18\/lajuntament-de-la-vall-duixo-denuncia-la-falta-de-resposta-de-la-conselleria-sobre-el-contracte-programa-de-serveis-socials\/\" aria-label=\"M\u00e9s informaci\u00f3 sobre L&#8217;Ajuntament de la Vall d&#8217;Uix\u00f3 denuncia la falta de resposta de la Conselleria sobre el contracte-programa de serveis socials\">Read more<\/a><\/p>\n","protected":false},"author":2,"featured_media":0,"comment_status":"closed","ping_status":"closed","sticky":false,"template":"","format":"standard","meta":{"om_disable_all_campaigns":false,"_monsterinsights_skip_tracking":false,"_monsterinsights_sitenote_active":false,"_monsterinsights_sitenote_note":"","_monsterinsights_sitenote_category":0,"_uf_show_specific_survey":0,"_uf_disable_surveys":false,"footnotes":""},"categories":[2],"tags":[],"class_list":["post-6986","post","type-post","status-publish","format-standard","hentry","category-lavallduixo"],"_links":{"self":[{"href":"https:\/\/elcafedepipa.com\/index.php\/wp-json\/wp\/v2\/posts\/6986","targetHints":{"allow":["GET"]}}],"collection":[{"href":"https:\/\/elcafedepipa.com\/index.php\/wp-json\/wp\/v2\/posts"}],"about":[{"href":"https:\/\/elcafedepipa.com\/index.php\/wp-json\/wp\/v2\/types\/post"}],"author":[{"embeddable":true,"href":"https:\/\/elcafedepipa.com\/index.php\/wp-json\/wp\/v2\/users\/2"}],"replies":[{"embeddable":true,"href":"https:\/\/elcafedepipa.com\/index.php\/wp-json\/wp\/v2\/comments?post=6986"}],"version-history":[{"count":0,"href":"https:\/\/elcafedepipa.com\/index.php\/wp-json\/wp\/v2\/posts\/6986\/revisions"}],"wp:attachment":[{"href":"https:\/\/elcafedepipa.com\/index.php\/wp-json\/wp\/v2\/media?parent=6986"}],"wp:term":[{"taxonomy":"category","embeddable":true,"href":"https:\/\/elcafedepipa.com\/index.php\/wp-json\/wp\/v2\/categories?post=6986"},{"taxonomy":"post_tag","embeddable":true,"href":"https:\/\/elcafedepipa.com\/index.php\/wp-json\/wp\/v2\/tags?post=6986"}],"curies":[{"name":"wp","href":"https:\/\/api.w.org\/{rel}","templated":true}]}}