{"id":6951,"date":"2024-10-17T14:37:47","date_gmt":"2024-10-17T12:37:47","guid":{"rendered":"https:\/\/elcafedepipa.com\/?p=6951"},"modified":"2024-10-17T14:37:49","modified_gmt":"2024-10-17T12:37:49","slug":"la-diputacio-de-castello-rep-un-reconeixement-pel-seu-suport-al-turisme-en-el-dia-de-lhostaleria","status":"publish","type":"post","link":"https:\/\/elcafedepipa.com\/index.php\/2024\/10\/17\/la-diputacio-de-castello-rep-un-reconeixement-pel-seu-suport-al-turisme-en-el-dia-de-lhostaleria\/","title":{"rendered":"La Diputaci\u00f3 de Castell\u00f3 rep un reconeixement pel seu suport al turisme en el Dia de l&#8217;Hostaleria"},"content":{"rendered":"\n<p><strong>El vicepresident\u00a0<\/strong><strong>i responsable de l\u2019\u00e0rea\u00a0<\/strong><strong>de Turisme, Andr\u00e9s Mart\u00ednez, rep el plat simb\u00f2lic de mans del president de Ashotur, Carlos Escorihuela, i la directora de Makro Castell\u00f3, Paula Dom\u00ednguez, i destaca el suport de l&#8217;equip de Govern Provincial al sector tur\u00edstic de la prov\u00edncia<\/strong><\/p>\n\n\n\n<p>Makro&nbsp;i l&#8217;Associaci\u00f3 Provincial d&#8217;Empresaris d&#8217;Hostaleria i Turisme de Castell\u00f3 (Ashotur) han concedit a la Diputaci\u00f3 Provincial de Castell\u00f3 un plat simb\u00f2lic en reconeixement&nbsp;a&nbsp;la seua tasca de potenciar la imatge tur\u00edstica de la prov\u00edncia, en el marc de la novena edici\u00f3 del Dia de l&#8217;Hostaleria.<\/p>\n\n\n\n<p>L&#8217;acte, celebrat a les instal\u00b7lacions de&nbsp;Makro&nbsp;Castell\u00f3, va homenatjar els professionals de l&#8217;hostaleria de la prov\u00edncia i va&nbsp;posar en valor&nbsp;el treball de la Diputaci\u00f3 per a consolidar Castell\u00f3 com una destinaci\u00f3 tur\u00edstica de primer nivell. El vicepresident i responsable de l\u2019\u00e0rea de Turisme,&nbsp;Andr\u00e9s Mart\u00ednez, va rebre el plat simb\u00f2lic de mans del president d&#8217;Ashotur,&nbsp;Carlos&nbsp;Escorihuela, i la directora de&nbsp;Makro&nbsp;Castell\u00f3, Paula Dom\u00ednguez.<\/p>\n\n\n\n<p>\u201cCastell\u00f3 \u00e9s una destinaci\u00f3 singular i creiem fermament en el seu potencial com a dest\u00ed familiar de primer orde\u201d, va destacar Mart\u00ednez, qui va recalcar la import\u00e0ncia del turisme com una font d&#8217;oportunitats per al futur de la prov\u00edncia. A m\u00e9s, va ressaltar el comprom\u00eds de la Diputaci\u00f3 per a cuidar i potenciar&nbsp;aquest&nbsp;sector clau.<\/p>\n\n\n\n<p>Finalment, Mart\u00ednez va agrair a&nbsp;Makro&nbsp;i&nbsp;Ashotur&nbsp;el reconeixement i va reafirmar la disposici\u00f3 de la Diputaci\u00f3 per a continuar col\u00b7laborant en la promoci\u00f3 tur\u00edstica de Castell\u00f3.<\/p>\n","protected":false},"excerpt":{"rendered":"<p>El vicepresident\u00a0i responsable de l\u2019\u00e0rea\u00a0de Turisme, Andr\u00e9s Mart\u00ednez, rep el plat simb\u00f2lic de mans del president de Ashotur, Carlos Escorihuela, i la directora de Makro Castell\u00f3, Paula Dom\u00ednguez, i destaca el suport de l&#8217;equip de Govern Provincial al sector tur\u00edstic de la prov\u00edncia Makro&nbsp;i l&#8217;Associaci\u00f3 Provincial d&#8217;Empresaris d&#8217;Hostaleria i Turisme de Castell\u00f3 (Ashotur) han concedit &#8230; <a title=\"La Diputaci\u00f3 de Castell\u00f3 rep un reconeixement pel seu suport al turisme en el Dia de l&#8217;Hostaleria\" class=\"read-more\" href=\"https:\/\/elcafedepipa.com\/index.php\/2024\/10\/17\/la-diputacio-de-castello-rep-un-reconeixement-pel-seu-suport-al-turisme-en-el-dia-de-lhostaleria\/\" aria-label=\"M\u00e9s informaci\u00f3 sobre La Diputaci\u00f3 de Castell\u00f3 rep un reconeixement pel seu suport al turisme en el Dia de l&#8217;Hostaleria\">Read more<\/a><\/p>\n","protected":false},"author":2,"featured_media":0,"comment_status":"closed","ping_status":"closed","sticky":false,"template":"","format":"standard","meta":{"om_disable_all_campaigns":false,"_monsterinsights_skip_tracking":false,"_monsterinsights_sitenote_active":false,"_monsterinsights_sitenote_note":"","_monsterinsights_sitenote_category":0,"_uf_show_specific_survey":0,"_uf_disable_surveys":false,"footnotes":""},"categories":[10],"tags":[],"class_list":["post-6951","post","type-post","status-publish","format-standard","hentry","category-provinciadecastello"],"_links":{"self":[{"href":"https:\/\/elcafedepipa.com\/index.php\/wp-json\/wp\/v2\/posts\/6951","targetHints":{"allow":["GET"]}}],"collection":[{"href":"https:\/\/elcafedepipa.com\/index.php\/wp-json\/wp\/v2\/posts"}],"about":[{"href":"https:\/\/elcafedepipa.com\/index.php\/wp-json\/wp\/v2\/types\/post"}],"author":[{"embeddable":true,"href":"https:\/\/elcafedepipa.com\/index.php\/wp-json\/wp\/v2\/users\/2"}],"replies":[{"embeddable":true,"href":"https:\/\/elcafedepipa.com\/index.php\/wp-json\/wp\/v2\/comments?post=6951"}],"version-history":[{"count":0,"href":"https:\/\/elcafedepipa.com\/index.php\/wp-json\/wp\/v2\/posts\/6951\/revisions"}],"wp:attachment":[{"href":"https:\/\/elcafedepipa.com\/index.php\/wp-json\/wp\/v2\/media?parent=6951"}],"wp:term":[{"taxonomy":"category","embeddable":true,"href":"https:\/\/elcafedepipa.com\/index.php\/wp-json\/wp\/v2\/categories?post=6951"},{"taxonomy":"post_tag","embeddable":true,"href":"https:\/\/elcafedepipa.com\/index.php\/wp-json\/wp\/v2\/tags?post=6951"}],"curies":[{"name":"wp","href":"https:\/\/api.w.org\/{rel}","templated":true}]}}