{"id":6938,"date":"2024-10-17T13:41:17","date_gmt":"2024-10-17T11:41:17","guid":{"rendered":"https:\/\/elcafedepipa.com\/?p=6938"},"modified":"2024-10-17T13:41:18","modified_gmt":"2024-10-17T11:41:18","slug":"la-diputacio-de-castello-invertira-mes-de-12-milions-deuros-en-els-spap-per-a-reforcar-lenvelliment-actiu-en-2025","status":"publish","type":"post","link":"https:\/\/elcafedepipa.com\/index.php\/2024\/10\/17\/la-diputacio-de-castello-invertira-mes-de-12-milions-deuros-en-els-spap-per-a-reforcar-lenvelliment-actiu-en-2025\/","title":{"rendered":"La Diputaci\u00f3 de Castell\u00f3 invertir\u00e0 m\u00e9s de 1,2 milions d&#8217;euros en els SPAP per a refor\u00e7ar l&#8217;envelliment actiu en 2025"},"content":{"rendered":"\n<p><strong>La presidenta de la Diputaci\u00f3 anuncia un increment del 61,77% del pressupost per al pr\u00f2xim exercici per a continuar millorant el Servici de Promoci\u00f3 de l&#8217;Autonomia Personal en municipis amb poblaci\u00f3 inferior a 10.000 habitants<\/strong><\/p>\n\n\n\n<p>La presidenta de la Diputaci\u00f3 Provincial de Castell\u00f3, Marta&nbsp;Barrachina, ha anunciat un increment del 61,77% del pressupost per al pr\u00f2xim exercici de 2025, amb l&#8217;objectiu de millorar el Servei de Promoci\u00f3 de l&#8217;Autonomia Personal (SPAP) en municipis amb menys de 10.000 habitants.&nbsp;Aquesta&nbsp;inversi\u00f3, que ascendir\u00e0 a m\u00e9s&nbsp;d&#8217;1,2&nbsp;milions d&#8217;euros, permetr\u00e0 sumar noves unitats i incrementar les hores de servei setmanals, passant de 10 a 15 hores, amb la finalitat de proporcionar una major atenci\u00f3 als usuaris.<\/p>\n\n\n\n<p>Amb&nbsp;aquesta&nbsp;ampliaci\u00f3, el nombre d&#8217;unitats&nbsp;SPAP&nbsp;arribar\u00e0 a 102, continuant amb l&#8217;impuls ja iniciat el 2024, quan es van concedir huit noves ajudes, beneficiant un total de 1.444 persones majors a Castell\u00f3. &#8220;Aquestes&nbsp;ajudes s\u00f3n de vital import\u00e0ncia perqu\u00e8&nbsp;ofereixen&nbsp;un espai de conviv\u00e8ncia on els nostres majors reben una atenci\u00f3 directa i individualitzada, millorant aix\u00ed el seu nivell d&#8217;autonomia personal&#8221;, ha destacat&nbsp;Barrachina.<\/p>\n\n\n\n<p>Durant una visita a la nova unitat&nbsp;SPAP&nbsp;de&nbsp;Ch\u00f3var, la presidenta ha subratllat la import\u00e0ncia d&#8217;aquest&nbsp;servei, que&nbsp;ofereix&nbsp;habilitaci\u00f3, ter\u00e0pia ocupacional, estimulaci\u00f3 cognitiva, i altres suports per a persones amb discapacitat intel\u00b7lectual o malalties mentals. &#8220;Cada vegada m\u00e9s municipis de la nostra prov\u00edncia activen&nbsp;aquestes&nbsp;unitats, que s\u00f3n fonamentals per millorar la qualitat de vida dels nostres majors&#8221;, ha assenyalat.<\/p>\n\n\n\n<p>A m\u00e9s, la millora en el benestar social es veur\u00e0 reflectida amb l&#8217;augment d&#8217;hores de servei, afavorint aix\u00ed la conciliaci\u00f3 familiar i laboral en els petits municipis, i optimitzant les oportunitats de salut, participaci\u00f3 i seguretat per a la gent gran de la prov\u00edncia.<\/p>\n","protected":false},"excerpt":{"rendered":"<p>La presidenta de la Diputaci\u00f3 anuncia un increment del 61,77% del pressupost per al pr\u00f2xim exercici per a continuar millorant el Servici de Promoci\u00f3 de l&#8217;Autonomia Personal en municipis amb poblaci\u00f3 inferior a 10.000 habitants La presidenta de la Diputaci\u00f3 Provincial de Castell\u00f3, Marta&nbsp;Barrachina, ha anunciat un increment del 61,77% del pressupost per al pr\u00f2xim &#8230; <a title=\"La Diputaci\u00f3 de Castell\u00f3 invertir\u00e0 m\u00e9s de 1,2 milions d&#8217;euros en els SPAP per a refor\u00e7ar l&#8217;envelliment actiu en 2025\" class=\"read-more\" href=\"https:\/\/elcafedepipa.com\/index.php\/2024\/10\/17\/la-diputacio-de-castello-invertira-mes-de-12-milions-deuros-en-els-spap-per-a-reforcar-lenvelliment-actiu-en-2025\/\" aria-label=\"M\u00e9s informaci\u00f3 sobre La Diputaci\u00f3 de Castell\u00f3 invertir\u00e0 m\u00e9s de 1,2 milions d&#8217;euros en els SPAP per a refor\u00e7ar l&#8217;envelliment actiu en 2025\">Read more<\/a><\/p>\n","protected":false},"author":2,"featured_media":0,"comment_status":"closed","ping_status":"closed","sticky":false,"template":"","format":"standard","meta":{"om_disable_all_campaigns":false,"_monsterinsights_skip_tracking":false,"_monsterinsights_sitenote_active":false,"_monsterinsights_sitenote_note":"","_monsterinsights_sitenote_category":0,"_uf_show_specific_survey":0,"_uf_disable_surveys":false,"footnotes":""},"categories":[10],"tags":[],"class_list":["post-6938","post","type-post","status-publish","format-standard","hentry","category-provinciadecastello"],"_links":{"self":[{"href":"https:\/\/elcafedepipa.com\/index.php\/wp-json\/wp\/v2\/posts\/6938","targetHints":{"allow":["GET"]}}],"collection":[{"href":"https:\/\/elcafedepipa.com\/index.php\/wp-json\/wp\/v2\/posts"}],"about":[{"href":"https:\/\/elcafedepipa.com\/index.php\/wp-json\/wp\/v2\/types\/post"}],"author":[{"embeddable":true,"href":"https:\/\/elcafedepipa.com\/index.php\/wp-json\/wp\/v2\/users\/2"}],"replies":[{"embeddable":true,"href":"https:\/\/elcafedepipa.com\/index.php\/wp-json\/wp\/v2\/comments?post=6938"}],"version-history":[{"count":0,"href":"https:\/\/elcafedepipa.com\/index.php\/wp-json\/wp\/v2\/posts\/6938\/revisions"}],"wp:attachment":[{"href":"https:\/\/elcafedepipa.com\/index.php\/wp-json\/wp\/v2\/media?parent=6938"}],"wp:term":[{"taxonomy":"category","embeddable":true,"href":"https:\/\/elcafedepipa.com\/index.php\/wp-json\/wp\/v2\/categories?post=6938"},{"taxonomy":"post_tag","embeddable":true,"href":"https:\/\/elcafedepipa.com\/index.php\/wp-json\/wp\/v2\/tags?post=6938"}],"curies":[{"name":"wp","href":"https:\/\/api.w.org\/{rel}","templated":true}]}}