{"id":6877,"date":"2024-10-16T14:12:35","date_gmt":"2024-10-16T12:12:35","guid":{"rendered":"https:\/\/elcafedepipa.com\/?p=6877"},"modified":"2024-10-16T14:12:38","modified_gmt":"2024-10-16T12:12:38","slug":"el-pspv-psoe-celebra-la-decisio-del-tsjcv-que-revoca-les-retallades-en-educacio-del-govern-de-mazon","status":"publish","type":"post","link":"https:\/\/elcafedepipa.com\/index.php\/2024\/10\/16\/el-pspv-psoe-celebra-la-decisio-del-tsjcv-que-revoca-les-retallades-en-educacio-del-govern-de-mazon\/","title":{"rendered":"El PSPV-PSOE celebra la decisi\u00f3 del TSJCV que revoca les retallades en educaci\u00f3 del govern de Maz\u00f3n"},"content":{"rendered":"\n<p><strong>Jos\u00e9 Luis Lorenz exigeix la dimissi\u00f3 de la directora general de Personal Docent per \u201ctorpedinar la contractaci\u00f3 de professorat\u201d i demana l&#8217;aplicaci\u00f3 immediata de l&#8217;acord de plantilles del Consell de Ximo Puig<\/strong><\/p>\n\n\n\n<p>El PSPV-PSOE ha aplaudit la decisi\u00f3 del Tribunal Superior de Just\u00edcia de la Comunitat Valenciana (TSJCV) de revocar les retallades en educaci\u00f3 impulsades pel govern del PP de Carlos Maz\u00f3n. El tribunal ha desestimat el recurs presentat per la Conselleria, que pretenia anul\u00b7lar l&#8217;acord de plantilles aprovat per l&#8217;anterior Consell de Ximo Puig, amb el qual es va planificar la contractaci\u00f3 de 5.000 nous professors i professores a la Comunitat Valenciana.<\/p>\n\n\n\n<p>El portaveu socialista d&#8217;Educaci\u00f3, Jos\u00e9 Luis&nbsp;Lorenz, ha qualificat&nbsp;aquesta&nbsp;resoluci\u00f3 judicial com una &#8220;bufetada a la pol\u00edtica unilateral i autorit\u00e0ria del PP&#8221;, al mateix temps que ha criticat que Maz\u00f3n &#8220;ha demostrat amb&nbsp;aquesta&nbsp;maniobra com de poc li importa l&#8217;educaci\u00f3 p\u00fablica i el futur dels nostres fills i filles&#8221;.<\/p>\n\n\n\n<p>Lorenz&nbsp;ha subratllat que el PP, \u201camb la seua agenda d&#8217;extrema dreta, busca desprestigiar l&#8217;educaci\u00f3 p\u00fablica i afavorir la privada, promovent retallades injustificades\u201d. A m\u00e9s, ha assenyalat que&nbsp;\u201cel PP no governa per a tots, sin\u00f3 per a una minoria que es beneficia mentre veu com l&#8217;educaci\u00f3 p\u00fablica es&nbsp;desmorona&#8221;. El portaveu ha alertat que el govern de Maz\u00f3n promou la segregaci\u00f3 amb mesures com el districte \u00fanic, la reducci\u00f3 de compet\u00e8ncies ling\u00fc\u00edstiques en valenci\u00e0 i la \u201cfalsa llei de llibertat educativa\u201d.<\/p>\n\n\n\n<p>Davant la resoluci\u00f3 del TSJCV,&nbsp;Lorenz&nbsp;ha exigit l&#8217;aplicaci\u00f3 immediata de l&#8217;acord de plantilles i ha demanat la dimissi\u00f3 de la directora general de Personal Docent per la&nbsp;seua&nbsp;gesti\u00f3 deficient de l&#8217;inici del curs i per bloquejar, sense justificaci\u00f3, la contractaci\u00f3 del professorat.<\/p>\n\n\n\n<p>Finalment, ha recordat l&#8217;aposta del govern de Ximo Puig per una educaci\u00f3 p\u00fablica de qualitat, considerant-la un&nbsp;\u201cpilar fonamental per a construir una societat m\u00e9s igualit\u00e0ria, i no un negoci&#8221;. Tamb\u00e9 ha lamentat que, en nom\u00e9s un any de govern del PP, &#8220;tot s&#8217;ha desmantellat amb retallades que deixen l&#8217;estudiantat&nbsp;en una situaci\u00f3 de major vulnerabilitat&#8221;.<\/p>\n","protected":false},"excerpt":{"rendered":"<p>Jos\u00e9 Luis Lorenz exigeix la dimissi\u00f3 de la directora general de Personal Docent per \u201ctorpedinar la contractaci\u00f3 de professorat\u201d i demana l&#8217;aplicaci\u00f3 immediata de l&#8217;acord de plantilles del Consell de Ximo Puig El PSPV-PSOE ha aplaudit la decisi\u00f3 del Tribunal Superior de Just\u00edcia de la Comunitat Valenciana (TSJCV) de revocar les retallades en educaci\u00f3 impulsades &#8230; <a title=\"El PSPV-PSOE celebra la decisi\u00f3 del TSJCV que revoca les retallades en educaci\u00f3 del govern de Maz\u00f3n\" class=\"read-more\" href=\"https:\/\/elcafedepipa.com\/index.php\/2024\/10\/16\/el-pspv-psoe-celebra-la-decisio-del-tsjcv-que-revoca-les-retallades-en-educacio-del-govern-de-mazon\/\" aria-label=\"M\u00e9s informaci\u00f3 sobre El PSPV-PSOE celebra la decisi\u00f3 del TSJCV que revoca les retallades en educaci\u00f3 del govern de Maz\u00f3n\">Read more<\/a><\/p>\n","protected":false},"author":2,"featured_media":0,"comment_status":"closed","ping_status":"closed","sticky":false,"template":"","format":"standard","meta":{"om_disable_all_campaigns":false,"_monsterinsights_skip_tracking":false,"_monsterinsights_sitenote_active":false,"_monsterinsights_sitenote_note":"","_monsterinsights_sitenote_category":0,"_uf_show_specific_survey":0,"_uf_disable_surveys":false,"footnotes":""},"categories":[11],"tags":[],"class_list":["post-6877","post","type-post","status-publish","format-standard","hentry","category-comunitatvalenciana"],"_links":{"self":[{"href":"https:\/\/elcafedepipa.com\/index.php\/wp-json\/wp\/v2\/posts\/6877","targetHints":{"allow":["GET"]}}],"collection":[{"href":"https:\/\/elcafedepipa.com\/index.php\/wp-json\/wp\/v2\/posts"}],"about":[{"href":"https:\/\/elcafedepipa.com\/index.php\/wp-json\/wp\/v2\/types\/post"}],"author":[{"embeddable":true,"href":"https:\/\/elcafedepipa.com\/index.php\/wp-json\/wp\/v2\/users\/2"}],"replies":[{"embeddable":true,"href":"https:\/\/elcafedepipa.com\/index.php\/wp-json\/wp\/v2\/comments?post=6877"}],"version-history":[{"count":0,"href":"https:\/\/elcafedepipa.com\/index.php\/wp-json\/wp\/v2\/posts\/6877\/revisions"}],"wp:attachment":[{"href":"https:\/\/elcafedepipa.com\/index.php\/wp-json\/wp\/v2\/media?parent=6877"}],"wp:term":[{"taxonomy":"category","embeddable":true,"href":"https:\/\/elcafedepipa.com\/index.php\/wp-json\/wp\/v2\/categories?post=6877"},{"taxonomy":"post_tag","embeddable":true,"href":"https:\/\/elcafedepipa.com\/index.php\/wp-json\/wp\/v2\/tags?post=6877"}],"curies":[{"name":"wp","href":"https:\/\/api.w.org\/{rel}","templated":true}]}}