{"id":6817,"date":"2024-10-15T12:06:44","date_gmt":"2024-10-15T10:06:44","guid":{"rendered":"https:\/\/elcafedepipa.com\/?p=6817"},"modified":"2024-10-15T12:06:47","modified_gmt":"2024-10-15T10:06:47","slug":"audio-el-pspv-psoe-de-castello-insta-a-la-ciutadania-a-mobilitzar-se-contra-les-politiques-dhabitatge-de-mazon","status":"publish","type":"post","link":"https:\/\/elcafedepipa.com\/index.php\/2024\/10\/15\/audio-el-pspv-psoe-de-castello-insta-a-la-ciutadania-a-mobilitzar-se-contra-les-politiques-dhabitatge-de-mazon\/","title":{"rendered":"\u00c0udio | El PSPV-PSOE de Castell\u00f3 insta a la ciutadania a mobilitzar-se contra les pol\u00edtiques d&#8217;habitatge de Maz\u00f3n"},"content":{"rendered":"\n<p><strong>Maria Jim\u00e9nez critica que Maz\u00f3n frena la llei per a limitar els preus del lloguer per a afavorir els especuladors i crida a manifestar-se el dissabte a Val\u00e8ncia per un habitatge digne<\/strong><\/p>\n\n\n\n<p>El PSPV-PSOE de Castell\u00f3 ha fet una crida a la ciutadania perqu\u00e8 &#8220;plante cara&#8221; al president de la Generalitat, Carlos Maz\u00f3n, i es mobilitze en defensa del dret a un habitatge digne. La vicesecret\u00e0ria general del partit, Maria Jim\u00e9nez, ha denunciat que Maz\u00f3n &#8220;ha decidit posicionar-se a favor dels especuladors en lloc de defensar els interessos dels valencians&#8221;. Segons Jim\u00e9nez, la crisi residencial suposa un greu problema per als joves, i ha recordat que Maz\u00f3n disposa dels mecanismes legals per fixar zones&nbsp;tensionades&nbsp;i limitar els preus del lloguer, &#8220;per\u00f2&nbsp;prefereix&nbsp;boicotejar al Govern d&#8217;Espanya i afavorir els especuladors&#8221;.<\/p>\n\n\n\n<p>Jim\u00e9nez tamb\u00e9 ha criticat que, malgrat els intents de Maz\u00f3n de perjudicar l&#8217;executiu central, &#8220;els qui de veritat&nbsp;pateixen&nbsp;s\u00f3n els joves de Castell\u00f3, que veuen els seus projectes de vida truncats&#8221;. La dirigent socialista lamenta que el president &#8220;ha fracassat amb els joves&#8221; i ha qualificat de &#8220;mentida&#8221; les dades sobre els avals del Consell per a la compra del primer habitatge. Segons les respostes en seu parlament\u00e0ria, &#8220;dels 151 avals concedits per l&#8217;Institut Valenci\u00e0 de Finances (IVF), nom\u00e9s 15 han sigut per a menors de&nbsp;25&nbsp;anys&#8221;, cosa que demostra, segons Jim\u00e9nez, la inefic\u00e0cia d&#8217;aquestes&nbsp;mesures.<\/p>\n\n\n\n<p>A m\u00e9s, la diputada ha criticat el Pla Viu de la Generalitat per a la construcci\u00f3 d&#8217;habitatge p\u00fablic,&nbsp;assenyalant&nbsp;que &#8220;sis mesos despr\u00e9s de la seua presentaci\u00f3, encara no s&#8217;ha avan\u00e7at perqu\u00e8 els ajuntaments no han cedit terrenys, ja que no confien en el Consell ni en l&#8217;\u00fas que Maz\u00f3n donar\u00e0 a&nbsp;aquests&nbsp;espais&#8221;.<\/p>\n\n\n\n<p>Finalment, el PSPV-PSOE ha animat la societat valenciana a participar en la manifestaci\u00f3 convocada per&nbsp;aquest&nbsp;dissabte 19 d&#8217;octubre a Val\u00e8ncia, esperant que siga &#8220;hist\u00f2rica&#8221; i que Maz\u00f3n entenga que els joves tenen dret a un habitatge digne.<\/p>\n\n\n\n<figure class=\"wp-block-audio\"><audio controls src=\"https:\/\/elcafedepipa.com\/wp-content\/uploads\/2024\/10\/Audio-Maria-Jimenez_1.mp3\"><\/audio><\/figure>\n","protected":false},"excerpt":{"rendered":"<p>Maria Jim\u00e9nez critica que Maz\u00f3n frena la llei per a limitar els preus del lloguer per a afavorir els especuladors i crida a manifestar-se el dissabte a Val\u00e8ncia per un habitatge digne El PSPV-PSOE de Castell\u00f3 ha fet una crida a la ciutadania perqu\u00e8 &#8220;plante cara&#8221; al president de la Generalitat, Carlos Maz\u00f3n, i es &#8230; <a title=\"\u00c0udio | El PSPV-PSOE de Castell\u00f3 insta a la ciutadania a mobilitzar-se contra les pol\u00edtiques d&#8217;habitatge de Maz\u00f3n\" class=\"read-more\" href=\"https:\/\/elcafedepipa.com\/index.php\/2024\/10\/15\/audio-el-pspv-psoe-de-castello-insta-a-la-ciutadania-a-mobilitzar-se-contra-les-politiques-dhabitatge-de-mazon\/\" aria-label=\"M\u00e9s informaci\u00f3 sobre \u00c0udio | El PSPV-PSOE de Castell\u00f3 insta a la ciutadania a mobilitzar-se contra les pol\u00edtiques d&#8217;habitatge de Maz\u00f3n\">Read more<\/a><\/p>\n","protected":false},"author":2,"featured_media":0,"comment_status":"closed","ping_status":"closed","sticky":false,"template":"","format":"standard","meta":{"om_disable_all_campaigns":false,"_monsterinsights_skip_tracking":false,"_monsterinsights_sitenote_active":false,"_monsterinsights_sitenote_note":"","_monsterinsights_sitenote_category":0,"_uf_show_specific_survey":0,"_uf_disable_surveys":false,"footnotes":""},"categories":[10],"tags":[],"class_list":["post-6817","post","type-post","status-publish","format-standard","hentry","category-provinciadecastello"],"_links":{"self":[{"href":"https:\/\/elcafedepipa.com\/index.php\/wp-json\/wp\/v2\/posts\/6817","targetHints":{"allow":["GET"]}}],"collection":[{"href":"https:\/\/elcafedepipa.com\/index.php\/wp-json\/wp\/v2\/posts"}],"about":[{"href":"https:\/\/elcafedepipa.com\/index.php\/wp-json\/wp\/v2\/types\/post"}],"author":[{"embeddable":true,"href":"https:\/\/elcafedepipa.com\/index.php\/wp-json\/wp\/v2\/users\/2"}],"replies":[{"embeddable":true,"href":"https:\/\/elcafedepipa.com\/index.php\/wp-json\/wp\/v2\/comments?post=6817"}],"version-history":[{"count":0,"href":"https:\/\/elcafedepipa.com\/index.php\/wp-json\/wp\/v2\/posts\/6817\/revisions"}],"wp:attachment":[{"href":"https:\/\/elcafedepipa.com\/index.php\/wp-json\/wp\/v2\/media?parent=6817"}],"wp:term":[{"taxonomy":"category","embeddable":true,"href":"https:\/\/elcafedepipa.com\/index.php\/wp-json\/wp\/v2\/categories?post=6817"},{"taxonomy":"post_tag","embeddable":true,"href":"https:\/\/elcafedepipa.com\/index.php\/wp-json\/wp\/v2\/tags?post=6817"}],"curies":[{"name":"wp","href":"https:\/\/api.w.org\/{rel}","templated":true}]}}