{"id":6801,"date":"2024-10-15T11:32:31","date_gmt":"2024-10-15T09:32:31","guid":{"rendered":"https:\/\/elcafedepipa.com\/?p=6801"},"modified":"2024-10-15T11:32:34","modified_gmt":"2024-10-15T09:32:34","slug":"la-unio-reivindica-el-paper-clau-de-les-dones-en-les-zones-rurals-en-el-dia-internacional-de-la-dona-rural","status":"publish","type":"post","link":"https:\/\/elcafedepipa.com\/index.php\/2024\/10\/15\/la-unio-reivindica-el-paper-clau-de-les-dones-en-les-zones-rurals-en-el-dia-internacional-de-la-dona-rural\/","title":{"rendered":"LA UNI\u00d3 reivindica el paper clau de les dones en les zones rurals en el Dia Internacional de la Dona Rural"},"content":{"rendered":"\n<p><strong>Nom\u00e9s 20 dones en titularitat compartida en el nostre territori sobre un total de 1.345 en tota Espanya<\/strong><\/p>\n\n\n\n<p>Amb motiu del Dia Internacional de la Dona Rural, LA UNI\u00d3 Llauradora i Ramadera ha exigit que es visibilitze el paper essencial que les dones&nbsp;exerceixen&nbsp;en les zones rurals de la Comunitat Valenciana. Tot i representar el 49% de la poblaci\u00f3 rural a Espanya, segons dades del Ministeri d&#8217;Agricultura, Pesca i Alimentaci\u00f3 (MAPA), les dones encara s&#8217;enfronten a nombrosos reptes per aconseguir la plena igualtat d&#8217;oportunitats.<\/p>\n\n\n\n<p>Tot i la seua contribuci\u00f3 fonamental al sector primari i a l&#8217;economia rural, les dones nom\u00e9s gestionen el 30% de les explotacions agr\u00e0ries, cosa que&nbsp;reflecteix&nbsp;la bretxa de g\u00e8nere en la titularitat de terres i l&#8217;emprenedoria rural. A m\u00e9s, sovint tenen m\u00e9s dificultats per accedir a recursos com el finan\u00e7ament, la formaci\u00f3 i la digitalitzaci\u00f3, limitant la seua capacitat per emprendre i liderar en igualtat de condicions.<\/p>\n\n\n\n<p>Un altre factor que afecta especialment les dones rurals \u00e9s l&#8217;envelliment de la poblaci\u00f3 rural, agreujat per la manca de serveis b\u00e0sics com la sanitat, l&#8217;educaci\u00f3 i el transport.&nbsp;Aquesta&nbsp;situaci\u00f3 incrementa la despoblaci\u00f3 i fa dif\u00edcil la conciliaci\u00f3 de la vida laboral i familiar, especialment per a aquelles dones que volen desenvolupar el seu projecte de vida en els pobles.<\/p>\n\n\n\n<p>LA UNI\u00d3 insta a la implementaci\u00f3 de pol\u00edtiques que redu\u00efsquen les desigualtats entre el medi rural i les \u00e0rees urbanes, proporcionant als joves un entorn socioecon\u00f2mic m\u00e9s atractiu per al seu desenvolupament professional i la seua vinculaci\u00f3 al territori.<\/p>\n\n\n\n<p>El paper de les dones rurals \u00e9s essencial per garantir el relleu generacional i la perman\u00e8ncia dels joves al camp, mantenint aix\u00ed vius els nuclis rurals. A m\u00e9s de la producci\u00f3 agr\u00edcola, les dones&nbsp;contribueixen&nbsp;a la dinamitzaci\u00f3 del territori, la conservaci\u00f3 dels ecosistemes i el manteniment de les tradicions locals.<\/p>\n\n\n\n<p>Titularitat compartida<\/p>\n\n\n\n<p>Nom\u00e9s 20 dones de la Comunitat Valenciana tenen la titularitat compartida de les explotacions agr\u00e0ries, sobre un total de 1.345 a tot Espanya. LA UNI\u00d3 reclama m\u00e9s mesures per fomentar l&#8217;acc\u00e9s a&nbsp;aquesta&nbsp;figura jur\u00eddica, que permet a les parelles que&nbsp;comparteixen&nbsp;el treball i la gesti\u00f3 de les explotacions agr\u00e0ries recon\u00e9ixer-ho de manera formal.<\/p>\n\n\n\n<p>Entre les propostes destaca una reducci\u00f3 permanent de la cotitzaci\u00f3 a la Seguretat Social per a les explotacions en titularitat compartida, l&#8217;augment en un 10% de les ajudes per a inversions en&nbsp;aquestes&nbsp;explotacions, i una subvenci\u00f3 addicional per a la primera instal\u00b7laci\u00f3 en&nbsp;aquest&nbsp;r\u00e8gim.<\/p>\n\n\n\n<p>En&nbsp;aquest&nbsp;Dia Internacional de la Dona Rural, LA UNI\u00d3 subratlla la necessitat que tant el sector p\u00fablic com privat reforcen el seu comprom\u00eds amb la igualtat de g\u00e8nere al m\u00f3n rural, garantint els recursos necessaris per a les dones que&nbsp;contribueixen&nbsp;a la sostenibilitat i el futur de les nostres zones rurals.<\/p>\n","protected":false},"excerpt":{"rendered":"<p>Nom\u00e9s 20 dones en titularitat compartida en el nostre territori sobre un total de 1.345 en tota Espanya Amb motiu del Dia Internacional de la Dona Rural, LA UNI\u00d3 Llauradora i Ramadera ha exigit que es visibilitze el paper essencial que les dones&nbsp;exerceixen&nbsp;en les zones rurals de la Comunitat Valenciana. Tot i representar el 49% &#8230; <a title=\"LA UNI\u00d3 reivindica el paper clau de les dones en les zones rurals en el Dia Internacional de la Dona Rural\" class=\"read-more\" href=\"https:\/\/elcafedepipa.com\/index.php\/2024\/10\/15\/la-unio-reivindica-el-paper-clau-de-les-dones-en-les-zones-rurals-en-el-dia-internacional-de-la-dona-rural\/\" aria-label=\"M\u00e9s informaci\u00f3 sobre LA UNI\u00d3 reivindica el paper clau de les dones en les zones rurals en el Dia Internacional de la Dona Rural\">Read more<\/a><\/p>\n","protected":false},"author":2,"featured_media":0,"comment_status":"closed","ping_status":"closed","sticky":false,"template":"","format":"standard","meta":{"om_disable_all_campaigns":false,"_monsterinsights_skip_tracking":false,"_monsterinsights_sitenote_active":false,"_monsterinsights_sitenote_note":"","_monsterinsights_sitenote_category":0,"_uf_show_specific_survey":0,"_uf_disable_surveys":false,"footnotes":""},"categories":[11],"tags":[],"class_list":["post-6801","post","type-post","status-publish","format-standard","hentry","category-comunitatvalenciana"],"_links":{"self":[{"href":"https:\/\/elcafedepipa.com\/index.php\/wp-json\/wp\/v2\/posts\/6801","targetHints":{"allow":["GET"]}}],"collection":[{"href":"https:\/\/elcafedepipa.com\/index.php\/wp-json\/wp\/v2\/posts"}],"about":[{"href":"https:\/\/elcafedepipa.com\/index.php\/wp-json\/wp\/v2\/types\/post"}],"author":[{"embeddable":true,"href":"https:\/\/elcafedepipa.com\/index.php\/wp-json\/wp\/v2\/users\/2"}],"replies":[{"embeddable":true,"href":"https:\/\/elcafedepipa.com\/index.php\/wp-json\/wp\/v2\/comments?post=6801"}],"version-history":[{"count":0,"href":"https:\/\/elcafedepipa.com\/index.php\/wp-json\/wp\/v2\/posts\/6801\/revisions"}],"wp:attachment":[{"href":"https:\/\/elcafedepipa.com\/index.php\/wp-json\/wp\/v2\/media?parent=6801"}],"wp:term":[{"taxonomy":"category","embeddable":true,"href":"https:\/\/elcafedepipa.com\/index.php\/wp-json\/wp\/v2\/categories?post=6801"},{"taxonomy":"post_tag","embeddable":true,"href":"https:\/\/elcafedepipa.com\/index.php\/wp-json\/wp\/v2\/tags?post=6801"}],"curies":[{"name":"wp","href":"https:\/\/api.w.org\/{rel}","templated":true}]}}