{"id":6786,"date":"2024-10-15T07:45:19","date_gmt":"2024-10-15T05:45:19","guid":{"rendered":"https:\/\/elcafedepipa.com\/?p=6786"},"modified":"2024-10-15T07:45:23","modified_gmt":"2024-10-15T05:45:23","slug":"la-primera-visita-guiada-al-castell-dalmenara-i-la-torre-bivalcadim-marca-linici-de-les-rutes-culturals","status":"publish","type":"post","link":"https:\/\/elcafedepipa.com\/index.php\/2024\/10\/15\/la-primera-visita-guiada-al-castell-dalmenara-i-la-torre-bivalcadim-marca-linici-de-les-rutes-culturals\/","title":{"rendered":"La primera visita guiada al Castell d&#8217;Almenara i la Torre Bivalcadim marca l&#8217;inici de les rutes culturals"},"content":{"rendered":"\n<p><strong>El dissabte s&#8217;iniciaran les programades al Paratge dels Estanys i la marjal<\/strong><\/p>\n\n\n\n<p>El passat cap de setmana es va realitzar la primera de les visites guiades programades&nbsp;a l&#8217;entorn del Castell d\u2019Almenara i la Torre&nbsp;Bivalcadim, organitzades per la Regidoria de Turisme i amb les explicacions de l&#8217;arque\u00f2leg Jos\u00e9 Francisco Albelda d\u2019Arqueocas. Durant la visita, els participants van explorar les restes del castell, els&nbsp;aljups&nbsp;i van gaudir de les espectaculars vistes de la comarca. A m\u00e9s, es va poder accedir i pujar en grups redu\u00efts a la Torre&nbsp;Bivalcadim, recentment restaurada, per donar-la a con\u00e9ixer despr\u00e9s del seu proc\u00e9s de rehabilitaci\u00f3.<\/p>\n\n\n\n<p>Aquesta&nbsp;activitat forma part d&#8217;un conjunt de rutes guiades gratu\u00eftes destinades a promocionar la torre restaurada. Les pr\u00f2ximes visites es faran els diumenges 10 de novembre i 8 de desembre a partir de les 10 del mat\u00ed, amb grups limitats. Per participar, \u00e9s necess\u00e0ria la inscripci\u00f3 pr\u00e8via trucant al tel\u00e8fon 660 568 831 (Tourist&nbsp;Info&nbsp;Almenara).<\/p>\n\n\n\n<p>Rutes guiades pels Estanys i la Marjal d&#8217;Almenara<\/p>\n\n\n\n<p>Seguint&nbsp;amb l&#8217;objectiu de donar a con\u00e9ixer els enclavaments naturals d&#8217;Almenara, la Regidoria de Medi Ambient ha programat una s\u00e8rie de rutes guiades gratu\u00eftes pel Paratge dels Estanys i la Marjal d&#8217;Almenara. La primera d\u2019aquestes&nbsp;rutes tindr\u00e0 lloc&nbsp;aquest&nbsp;dissabte, 19 d&#8217;octubre, a les 11 del mat\u00ed.<\/p>\n\n\n\n<p>Per participar en&nbsp;aquestes&nbsp;rutes, \u00e9s necess\u00e0ria la inscripci\u00f3 pr\u00e8via a trav\u00e9s del tel\u00e8fon 679 38 98 87 o per correu electr\u00f2nic a aulanatura@almenara.es. La ruta \u00e9s accessible per a totes les persones, per\u00f2 es recomana portar cal\u00e7at c\u00f2mode i aigua.&nbsp;Aquesta&nbsp;ruta va ser reconeguda en 2017 per la Generalitat Valenciana com la primera ruta tur\u00edstica accessible de la prov\u00edncia de Castell\u00f3.<\/p>\n\n\n\n<p>A m\u00e9s de la ruta d\u2019aquest&nbsp;dissabte, tamb\u00e9 es faran altres rutes guiades el 16 de novembre i el 14 de desembre, a les 11 del mat\u00ed, per a les quals tamb\u00e9 ser\u00e0 necess\u00e0ria la inscripci\u00f3 pr\u00e8via.<\/p>\n","protected":false},"excerpt":{"rendered":"<p>El dissabte s&#8217;iniciaran les programades al Paratge dels Estanys i la marjal El passat cap de setmana es va realitzar la primera de les visites guiades programades&nbsp;a l&#8217;entorn del Castell d\u2019Almenara i la Torre&nbsp;Bivalcadim, organitzades per la Regidoria de Turisme i amb les explicacions de l&#8217;arque\u00f2leg Jos\u00e9 Francisco Albelda d\u2019Arqueocas. Durant la visita, els participants &#8230; <a title=\"La primera visita guiada al Castell d&#8217;Almenara i la Torre Bivalcadim marca l&#8217;inici de les rutes culturals\" class=\"read-more\" href=\"https:\/\/elcafedepipa.com\/index.php\/2024\/10\/15\/la-primera-visita-guiada-al-castell-dalmenara-i-la-torre-bivalcadim-marca-linici-de-les-rutes-culturals\/\" aria-label=\"M\u00e9s informaci\u00f3 sobre La primera visita guiada al Castell d&#8217;Almenara i la Torre Bivalcadim marca l&#8217;inici de les rutes culturals\">Read more<\/a><\/p>\n","protected":false},"author":2,"featured_media":0,"comment_status":"closed","ping_status":"closed","sticky":false,"template":"","format":"standard","meta":{"om_disable_all_campaigns":false,"_monsterinsights_skip_tracking":false,"_monsterinsights_sitenote_active":false,"_monsterinsights_sitenote_note":"","_monsterinsights_sitenote_category":0,"_uf_show_specific_survey":0,"_uf_disable_surveys":false,"footnotes":""},"categories":[5],"tags":[],"class_list":["post-6786","post","type-post","status-publish","format-standard","hentry","category-almenara"],"_links":{"self":[{"href":"https:\/\/elcafedepipa.com\/index.php\/wp-json\/wp\/v2\/posts\/6786","targetHints":{"allow":["GET"]}}],"collection":[{"href":"https:\/\/elcafedepipa.com\/index.php\/wp-json\/wp\/v2\/posts"}],"about":[{"href":"https:\/\/elcafedepipa.com\/index.php\/wp-json\/wp\/v2\/types\/post"}],"author":[{"embeddable":true,"href":"https:\/\/elcafedepipa.com\/index.php\/wp-json\/wp\/v2\/users\/2"}],"replies":[{"embeddable":true,"href":"https:\/\/elcafedepipa.com\/index.php\/wp-json\/wp\/v2\/comments?post=6786"}],"version-history":[{"count":0,"href":"https:\/\/elcafedepipa.com\/index.php\/wp-json\/wp\/v2\/posts\/6786\/revisions"}],"wp:attachment":[{"href":"https:\/\/elcafedepipa.com\/index.php\/wp-json\/wp\/v2\/media?parent=6786"}],"wp:term":[{"taxonomy":"category","embeddable":true,"href":"https:\/\/elcafedepipa.com\/index.php\/wp-json\/wp\/v2\/categories?post=6786"},{"taxonomy":"post_tag","embeddable":true,"href":"https:\/\/elcafedepipa.com\/index.php\/wp-json\/wp\/v2\/tags?post=6786"}],"curies":[{"name":"wp","href":"https:\/\/api.w.org\/{rel}","templated":true}]}}