{"id":6726,"date":"2024-10-10T14:13:13","date_gmt":"2024-10-10T12:13:13","guid":{"rendered":"https:\/\/elcafedepipa.com\/?p=6726"},"modified":"2024-10-10T14:13:15","modified_gmt":"2024-10-10T12:13:15","slug":"lajuntament-dalmenara-signa-convenis-anuals-de-collaboracio-amb-entitats-socials-festives-i-culturals","status":"publish","type":"post","link":"https:\/\/elcafedepipa.com\/index.php\/2024\/10\/10\/lajuntament-dalmenara-signa-convenis-anuals-de-collaboracio-amb-entitats-socials-festives-i-culturals\/","title":{"rendered":"L&#8217;Ajuntament d&#8217;Almenara signa convenis anuals de col\u00b7laboraci\u00f3 amb entitats socials, festives i culturals"},"content":{"rendered":"\n<p><strong>S&#8217;han subscrit amb l\u2019Associaci\u00f3 de Jubilats i Pensionistes \u201cla Creueta\u201d, les Festes de Dalt de la Muralla, la Falla Pla\u00e7a Els Pescadors, GFAL i Afaniad.<\/strong><\/p>\n\n\n\n<p>L&#8217;alcaldessa d&#8217;Almenara,&nbsp;Est\u00edbaliz&nbsp;P\u00e9rez, ha formalitzat en els \u00faltims dies diversos convenis de col\u00b7laboraci\u00f3 anual amb entitats i associacions locals de car\u00e0cter social, festiu i cultural.<\/p>\n\n\n\n<p>En l&#8217;\u00e0mbit social, s&#8217;han signat convenis amb l&#8217;Associaci\u00f3 de Jubilats i Pensionistes \u201cLa Creueta\u201d d&#8217;Almenara i amb&nbsp;Afaniad&nbsp;de la Vall d&#8217;Uix\u00f3, una entitat que inclou usuaris i usu\u00e0ries de la localitat. Pel que fa a l&#8217;\u00e0mbit festiu, l&#8217;Ajuntament ha renovat la seua col\u00b7laboraci\u00f3 amb les festes de Dalt de la Muralla i amb la Falla Pla\u00e7a Els Pescadors.&nbsp;A nivell cultural, s&#8217;ha signat un acord de col\u00b7laboraci\u00f3 amb el Grup Fotogr\u00e0fic d\u2019Almenara (GFAL).<\/p>\n\n\n\n<p>Est\u00edbaliz&nbsp;P\u00e9rez ha destacat la import\u00e0ncia d&#8217;aquests&nbsp;acords per donar suport a les associacions locals, ja que&nbsp;contribueixen&nbsp;a dinamitzar el teixit associatiu del municipi. L&#8217;alcaldessa tamb\u00e9 ha expressat el seu agra\u00efment a les entitats per la seua labor en benefici dels ve\u00efns i ve\u00efnes d&#8217;Almenara.<\/p>\n\n\n\n<p>Aquests&nbsp;convenis se sumen als ja signats amb altres associacions i entitats locals, i a aquells que es formalitzaran pr\u00f2ximament.<\/p>\n","protected":false},"excerpt":{"rendered":"<p>S&#8217;han subscrit amb l\u2019Associaci\u00f3 de Jubilats i Pensionistes \u201cla Creueta\u201d, les Festes de Dalt de la Muralla, la Falla Pla\u00e7a Els Pescadors, GFAL i Afaniad. L&#8217;alcaldessa d&#8217;Almenara,&nbsp;Est\u00edbaliz&nbsp;P\u00e9rez, ha formalitzat en els \u00faltims dies diversos convenis de col\u00b7laboraci\u00f3 anual amb entitats i associacions locals de car\u00e0cter social, festiu i cultural. En l&#8217;\u00e0mbit social, s&#8217;han signat convenis &#8230; <a title=\"L&#8217;Ajuntament d&#8217;Almenara signa convenis anuals de col\u00b7laboraci\u00f3 amb entitats socials, festives i culturals\" class=\"read-more\" href=\"https:\/\/elcafedepipa.com\/index.php\/2024\/10\/10\/lajuntament-dalmenara-signa-convenis-anuals-de-collaboracio-amb-entitats-socials-festives-i-culturals\/\" aria-label=\"M\u00e9s informaci\u00f3 sobre L&#8217;Ajuntament d&#8217;Almenara signa convenis anuals de col\u00b7laboraci\u00f3 amb entitats socials, festives i culturals\">Read more<\/a><\/p>\n","protected":false},"author":2,"featured_media":0,"comment_status":"closed","ping_status":"closed","sticky":false,"template":"","format":"standard","meta":{"om_disable_all_campaigns":false,"_monsterinsights_skip_tracking":false,"_monsterinsights_sitenote_active":false,"_monsterinsights_sitenote_note":"","_monsterinsights_sitenote_category":0,"_uf_show_specific_survey":0,"_uf_disable_surveys":false,"footnotes":""},"categories":[1],"tags":[],"class_list":["post-6726","post","type-post","status-publish","format-standard","hentry","category-non-classe"],"_links":{"self":[{"href":"https:\/\/elcafedepipa.com\/index.php\/wp-json\/wp\/v2\/posts\/6726","targetHints":{"allow":["GET"]}}],"collection":[{"href":"https:\/\/elcafedepipa.com\/index.php\/wp-json\/wp\/v2\/posts"}],"about":[{"href":"https:\/\/elcafedepipa.com\/index.php\/wp-json\/wp\/v2\/types\/post"}],"author":[{"embeddable":true,"href":"https:\/\/elcafedepipa.com\/index.php\/wp-json\/wp\/v2\/users\/2"}],"replies":[{"embeddable":true,"href":"https:\/\/elcafedepipa.com\/index.php\/wp-json\/wp\/v2\/comments?post=6726"}],"version-history":[{"count":0,"href":"https:\/\/elcafedepipa.com\/index.php\/wp-json\/wp\/v2\/posts\/6726\/revisions"}],"wp:attachment":[{"href":"https:\/\/elcafedepipa.com\/index.php\/wp-json\/wp\/v2\/media?parent=6726"}],"wp:term":[{"taxonomy":"category","embeddable":true,"href":"https:\/\/elcafedepipa.com\/index.php\/wp-json\/wp\/v2\/categories?post=6726"},{"taxonomy":"post_tag","embeddable":true,"href":"https:\/\/elcafedepipa.com\/index.php\/wp-json\/wp\/v2\/tags?post=6726"}],"curies":[{"name":"wp","href":"https:\/\/api.w.org\/{rel}","templated":true}]}}