{"id":6671,"date":"2024-10-09T13:51:26","date_gmt":"2024-10-09T11:51:26","guid":{"rendered":"https:\/\/elcafedepipa.com\/?p=6671"},"modified":"2024-10-09T13:51:28","modified_gmt":"2024-10-09T11:51:28","slug":"el-pp-celebra-que-el-consell-reconega-lesforc-de-sara-sorribes-i-la-vocacio-de-caixa-la-vall","status":"publish","type":"post","link":"https:\/\/elcafedepipa.com\/index.php\/2024\/10\/09\/el-pp-celebra-que-el-consell-reconega-lesforc-de-sara-sorribes-i-la-vocacio-de-caixa-la-vall\/","title":{"rendered":"El PP celebra que el Consell reconega l&#8217;esfor\u00e7 de Sara Sorribes i la vocaci\u00f3 de Caixa La Vall"},"content":{"rendered":"\n<p class=\"wp-block-paragraph\">El Partit Popular de la Vall d&#8217;Uix\u00f3 ha celebrat hui, 9 d&#8217;octubre, que el president de la Generalitat Valenciana concedisca dos premis, al m\u00e8rit empresarial i social, i al m\u00e8rit esportiu, \u201ca una instituci\u00f3 volguda com \u00e9s Caixa La Vall i a una esportista mod\u00e8lica com \u00e9s la nostra ol\u00edmpica Sara Sorribes\u201d.<\/p>\n\n\n\n<p class=\"wp-block-paragraph\">El portaveu del PP en el municipi, Herminio Serra, ha pres part en els actes institucionals organitzats pel Consell a Val\u00e8ncia on ha reconegut \u201cl&#8217;esfor\u00e7 que t\u00e9 bressol en esta ciutat\u201d i ha posat en valor que \u201cdos dels tres premis que la Generalitat Valenciana concedix a la nostra prov\u00edncia recaiguen en la nostra localitat\u201d.<\/p>\n\n\n\n<p class=\"wp-block-paragraph\">D&#8217;una banda, \u201cSara Sorribes \u00e9s model de com l&#8217;obstinaci\u00f3 i el sacrifici obtenen resultats que s\u00f3n dignes d&#8217;admiraci\u00f3 a nivell internacional\u201d. La seua participaci\u00f3 en els Jocs Ol\u00edmpics de Par\u00eds \u201cha sigut el digne reconeixement a una carrera esportiva que des de xicoteta li ha guiat fins al podi\u201d. \u201c\u00c9s el millor emblema de la tenacitat i el comprom\u00eds, la vocaci\u00f3 per un esport que l&#8217;ha portada a coronar-se com a medalla de bronze fent hist\u00f2ria a la nostra ciutat, la nostra prov\u00edncia i Espanya sencera\u201d.<\/p>\n\n\n\n<p class=\"wp-block-paragraph\">En paral\u00b7lel, el regidor tamb\u00e9 ha posat en valor la vocaci\u00f3 empresarial i social d&#8217;una entitat, Caixa La Vall, que ha complit 120 anys d&#8217;hist\u00f2ria \u201cal servici, sempre, de la seua ciutat, dels seus ve\u00efns\u201d. Este treball amb m\u00e9s d&#8217;un segle de vida continua sent lleial a la localitat i pr\u00f2xim als seus ciutadans \u201ci precisament \u00e9s el m\u00fascul d&#8217;esta instituci\u00f3 que \u00e9s implicaci\u00f3 i treball, exemple de tan bo com t\u00e9 la Vall\u201d, ha manifestat el regidor del PP en la localitat.<\/p>\n\n\n\n<p class=\"wp-block-paragraph\">\u201cHui \u00e9s un dia per a alegrar-nos, per a celebrar no sols la nostra identitat com vallers, castellonencs i valencians, tamb\u00e9 per a posar en valor tenacitat i esfor\u00e7 que reconeixen les fortaleses d&#8217;una localitat que en el PP treballem cada dia perqu\u00e8 cresquen i avancen\u201d, ha manifestat el portaveu del PP a la Vall d&#8217;Uix\u00f3.<\/p>\n\n\n\n<p class=\"wp-block-paragraph\"><\/p>\n","protected":false},"excerpt":{"rendered":"<p>El Partit Popular de la Vall d&#8217;Uix\u00f3 ha celebrat hui, 9 d&#8217;octubre, que el president de la Generalitat Valenciana concedisca dos premis, al m\u00e8rit empresarial i social, i al m\u00e8rit esportiu, \u201ca una instituci\u00f3 volguda com \u00e9s Caixa La Vall i a una esportista mod\u00e8lica com \u00e9s la nostra ol\u00edmpica Sara Sorribes\u201d. El portaveu del &#8230; <a title=\"El PP celebra que el Consell reconega l&#8217;esfor\u00e7 de Sara Sorribes i la vocaci\u00f3 de Caixa La Vall\" class=\"read-more\" href=\"https:\/\/elcafedepipa.com\/index.php\/2024\/10\/09\/el-pp-celebra-que-el-consell-reconega-lesforc-de-sara-sorribes-i-la-vocacio-de-caixa-la-vall\/\" aria-label=\"M\u00e9s informaci\u00f3 sobre El PP celebra que el Consell reconega l&#8217;esfor\u00e7 de Sara Sorribes i la vocaci\u00f3 de Caixa La Vall\">Read more<\/a><\/p>\n","protected":false},"author":2,"featured_media":0,"comment_status":"closed","ping_status":"closed","sticky":false,"template":"","format":"standard","meta":{"om_disable_all_campaigns":false,"_monsterinsights_skip_tracking":false,"_uf_show_specific_survey":0,"_uf_disable_surveys":false,"slim_seo":{"title":"El PP celebra que el Consell reconega l'esfor\u00e7 de Sara Sorribes i la vocaci\u00f3 de Caixa La Vall - El caf\u00e9 de Pipa","description":"El Partit Popular de la Vall d'Uix\u00f3 ha celebrat hui, 9 d'octubre, que el president de la Generalitat Valenciana concedisca dos premis, al m\u00e8rit empresarial i so"},"footnotes":""},"categories":[1],"tags":[],"ppma_author":[74],"class_list":["post-6671","post","type-post","status-publish","format-standard","hentry","category-non-classe"],"distributor_meta":false,"distributor_terms":false,"distributor_media":false,"distributor_original_site_name":"El caf\u00e9 de Pipa","distributor_original_site_url":"https:\/\/elcafedepipa.com","push-errors":false,"authors":[{"term_id":74,"user_id":2,"is_guest":0,"slug":"radiolavallduixo","display_name":"Vicent Arnau Forner","avatar_url":"https:\/\/secure.gravatar.com\/avatar\/26a27d13d194fc3b4d2a7a933a63466fa1af911ef6eac8a107691f6aeb82d442?s=96&d=mm&r=g","author_category":"","first_name":"ecdp","last_name":"","user_url":"http:\/\/www.elcafedepipa.com","job_title":"","description":""}],"_links":{"self":[{"href":"https:\/\/elcafedepipa.com\/index.php\/wp-json\/wp\/v2\/posts\/6671","targetHints":{"allow":["GET"]}}],"collection":[{"href":"https:\/\/elcafedepipa.com\/index.php\/wp-json\/wp\/v2\/posts"}],"about":[{"href":"https:\/\/elcafedepipa.com\/index.php\/wp-json\/wp\/v2\/types\/post"}],"author":[{"embeddable":true,"href":"https:\/\/elcafedepipa.com\/index.php\/wp-json\/wp\/v2\/users\/2"}],"replies":[{"embeddable":true,"href":"https:\/\/elcafedepipa.com\/index.php\/wp-json\/wp\/v2\/comments?post=6671"}],"version-history":[{"count":0,"href":"https:\/\/elcafedepipa.com\/index.php\/wp-json\/wp\/v2\/posts\/6671\/revisions"}],"wp:attachment":[{"href":"https:\/\/elcafedepipa.com\/index.php\/wp-json\/wp\/v2\/media?parent=6671"}],"wp:term":[{"taxonomy":"category","embeddable":true,"href":"https:\/\/elcafedepipa.com\/index.php\/wp-json\/wp\/v2\/categories?post=6671"},{"taxonomy":"post_tag","embeddable":true,"href":"https:\/\/elcafedepipa.com\/index.php\/wp-json\/wp\/v2\/tags?post=6671"},{"taxonomy":"author","embeddable":true,"href":"https:\/\/elcafedepipa.com\/index.php\/wp-json\/wp\/v2\/ppma_author?post=6671"}],"curies":[{"name":"wp","href":"https:\/\/api.w.org\/{rel}","templated":true}]}}