{"id":6647,"date":"2024-10-08T22:20:16","date_gmt":"2024-10-08T20:20:16","guid":{"rendered":"https:\/\/elcafedepipa.com\/?p=6647"},"modified":"2024-10-08T22:20:49","modified_gmt":"2024-10-08T20:20:49","slug":"les-coves-de-sant-josep-superen-en-els-primes-nou-mesos-de-lany-els-ingressos-de-tot-el-2023","status":"publish","type":"post","link":"https:\/\/elcafedepipa.com\/index.php\/2024\/10\/08\/les-coves-de-sant-josep-superen-en-els-primes-nou-mesos-de-lany-els-ingressos-de-tot-el-2023\/","title":{"rendered":"Les Coves de Sant Josep superen en els primes nou mesos de l&#8217;any els ingressos de tot el 2023"},"content":{"rendered":"\n<p>Uns n\u00fameros \u201cbon\u00edssims\u201d i que \u201cs\u00f3n fruit de la gesti\u00f3 que s&#8217;est\u00e0 realitzant des de l&#8217;empresa p\u00fablica i des de l&#8217;ajuntament\u201d, tal com ha explicat el conseller delegat d&#8217;Emsevall i regidor de Turisme, Javier Ferreres. Estes dades tan positives coincideixen amb les bones previsions per a estos dies festius d&#8217;octubre.<\/p>\n\n\n\n<p>En els tres primers trimestres d&#8217;enguany s&#8217;han venut 211.978 entrades per a la visita cl\u00e0ssica amb barca; mentre que l&#8217;any passat en el mateix per\u00edode es van vendre 188.396. Estes dades suposen un augment del 12,5%, at\u00e9s que s&#8217;han venut 23.582 accessos m\u00e9s. Quant a les activitats complement\u00e0ries (fotografies, Singin\u2019 in the cave i espeleokayak), enguany es porten 36.089 t\u00edquets i l&#8217;any passat van ser 29.339. L&#8217;increment \u00e9s del 23%, amb 6.750 entrades venudes per a estos serveis.<\/p>\n\n\n\n<p>Ferreres ha apuntat que l&#8217;obertura del quiosc Ca Cova ha sigut \u201cun revulsiu per al paratge, perqu\u00e8 molta gent ha trobat un punt de refer\u00e8ncia en el qual prendre alguna cosa durant l&#8217;estiu i sobretot en les activitats nocturnes com els balls o els concerts\u201d. Aix\u00ed, els beneficis des que va obrir al juliol s\u00f3n de m\u00e9s de 3.000 euros. Este servei p\u00fablic supleix la falta d&#8217;oferta privada en els horaris en els quals les Coves de Sant Josep estan tancades i \u201cja estem treballant per a adaptar l&#8217;obertura a l&#8217;horari d&#8217;hivern\u201d.<\/p>\n\n\n\n<p>Un altre dels nous productes que s&#8217;han estrenat este estiu ha sigut Cova, la mascota de les Coves de Sant Josep. Com ha destacat l&#8217;edil, este llan\u00e7ament del peluix en dues grand\u00e0ries \u201cha sigut un \u00e8xit rotund\u201d i des del mes de juliol s&#8217;han venut 1.054 unitats.<\/p>\n\n\n\n<p>Estes xifres indiquen que \u201cla tend\u00e8ncia de les Coves de Sant Josep \u00e9s a l&#8217;al\u00e7a\u201d. De fet, les expectatives per al que queda d&#8217;any \u201cs\u00f3n molt positives\u201d i des d&#8217;Emsevall i l&#8217;Ajuntament es continuar\u00e0 apostant \u201cper aesta l\u00ednia d&#8217;augmentar els beneficis per\u00f2 sense sobreexplotar el recurs natural\u201d. En este sentit, Ferreres ha recordat que el tancament de la cova es produeix abans que fa uns anys \u201cperqu\u00e8 tinguen m\u00e9s temps per a respirar i eliminar CO\u2082 perqu\u00e8 hem de cuidar i protegir l&#8217;entorn\u201d.<\/p>\n\n\n\n<p><\/p>\n","protected":false},"excerpt":{"rendered":"<p>Uns n\u00fameros \u201cbon\u00edssims\u201d i que \u201cs\u00f3n fruit de la gesti\u00f3 que s&#8217;est\u00e0 realitzant des de l&#8217;empresa p\u00fablica i des de l&#8217;ajuntament\u201d, tal com ha explicat el conseller delegat d&#8217;Emsevall i regidor de Turisme, Javier Ferreres. Estes dades tan positives coincideixen amb les bones previsions per a estos dies festius d&#8217;octubre. En els tres primers trimestres &#8230; <a title=\"Les Coves de Sant Josep superen en els primes nou mesos de l&#8217;any els ingressos de tot el 2023\" class=\"read-more\" href=\"https:\/\/elcafedepipa.com\/index.php\/2024\/10\/08\/les-coves-de-sant-josep-superen-en-els-primes-nou-mesos-de-lany-els-ingressos-de-tot-el-2023\/\" aria-label=\"M\u00e9s informaci\u00f3 sobre Les Coves de Sant Josep superen en els primes nou mesos de l&#8217;any els ingressos de tot el 2023\">Read more<\/a><\/p>\n","protected":false},"author":2,"featured_media":0,"comment_status":"closed","ping_status":"closed","sticky":false,"template":"","format":"standard","meta":{"om_disable_all_campaigns":false,"_monsterinsights_skip_tracking":false,"_monsterinsights_sitenote_active":false,"_monsterinsights_sitenote_note":"","_monsterinsights_sitenote_category":0,"_uf_show_specific_survey":0,"_uf_disable_surveys":false,"footnotes":""},"categories":[1],"tags":[],"class_list":["post-6647","post","type-post","status-publish","format-standard","hentry","category-non-classe"],"_links":{"self":[{"href":"https:\/\/elcafedepipa.com\/index.php\/wp-json\/wp\/v2\/posts\/6647","targetHints":{"allow":["GET"]}}],"collection":[{"href":"https:\/\/elcafedepipa.com\/index.php\/wp-json\/wp\/v2\/posts"}],"about":[{"href":"https:\/\/elcafedepipa.com\/index.php\/wp-json\/wp\/v2\/types\/post"}],"author":[{"embeddable":true,"href":"https:\/\/elcafedepipa.com\/index.php\/wp-json\/wp\/v2\/users\/2"}],"replies":[{"embeddable":true,"href":"https:\/\/elcafedepipa.com\/index.php\/wp-json\/wp\/v2\/comments?post=6647"}],"version-history":[{"count":0,"href":"https:\/\/elcafedepipa.com\/index.php\/wp-json\/wp\/v2\/posts\/6647\/revisions"}],"wp:attachment":[{"href":"https:\/\/elcafedepipa.com\/index.php\/wp-json\/wp\/v2\/media?parent=6647"}],"wp:term":[{"taxonomy":"category","embeddable":true,"href":"https:\/\/elcafedepipa.com\/index.php\/wp-json\/wp\/v2\/categories?post=6647"},{"taxonomy":"post_tag","embeddable":true,"href":"https:\/\/elcafedepipa.com\/index.php\/wp-json\/wp\/v2\/tags?post=6647"}],"curies":[{"name":"wp","href":"https:\/\/api.w.org\/{rel}","templated":true}]}}