{"id":6626,"date":"2024-10-09T10:00:00","date_gmt":"2024-10-09T08:00:00","guid":{"rendered":"https:\/\/elcafedepipa.com\/?p=6626"},"modified":"2024-10-08T22:08:42","modified_gmt":"2024-10-08T20:08:42","slug":"el-pspv-acusa-el-pp-dutilitzar-la-diputacio-per-a-difondre-bulos-sobre-la-inversio-en-casernes-de-la-guardia-civil-quan-el-govern-destina-un-6-700-mes-que-barrachina","status":"publish","type":"post","link":"https:\/\/elcafedepipa.com\/index.php\/2024\/10\/09\/el-pspv-acusa-el-pp-dutilitzar-la-diputacio-per-a-difondre-bulos-sobre-la-inversio-en-casernes-de-la-guardia-civil-quan-el-govern-destina-un-6-700-mes-que-barrachina\/","title":{"rendered":"El PSPV acusa el PP d&#8217;utilitzar la Diputaci\u00f3 per a difondre \u2018bulos\u2019 sobre la inversi\u00f3 en casernes de la Gu\u00e0rdia Civil quan el Govern destina un 6.700% m\u00e9s que Barrachina"},"content":{"rendered":"\n<p>El secretari general, Samuel Falomir, ha denunciat que Marta Barrachina i el seu equip estan difonent afirmacions \u201csense fonament\u201d, com la que l\u2019executiu de Pedro S\u00e1nchez no inverteix en casernes, \u201cquan la realitat \u00e9s que el Govern central dedica un pressupost que \u00e9s un 6.700% superior al que destina pr\u00f2pia Barrachina\u201d. \u201cEstem parlant d&#8217;una inversi\u00f3 de 15 milions d&#8217;euros, una xifra hist\u00f2rica que es canalitza en el primer pla d&#8217;Infraestructures de Seguretat de l&#8217;Estat i que inclou la construcci\u00f3 i modernitzaci\u00f3 de comissaries i casernes a la prov\u00edncia de Castell\u00f3\u201d.<\/p>\n\n\n\n<p>Entre les principals actuacions d&#8217;aquest pla, Falomir ha destacat que actualment hi ha en marxa obres per valor de 2,2 milions d\u2019euros a la caserna de la Gu\u00e0rdia Civil a Borriana, dos milions a Segorbe i 4,2 milions en el centre penitenciari de Castell\u00f3. A m\u00e9s a m\u00e9s, es preveu la construcci\u00f3 de la central de policia de Vila-real, una de les m\u00e9s demandes i reivindicades a la prov\u00edncia, amb una inversi\u00f3 de huit milions d&#8217;euros. \u201cMarta Barrachina menteix i fa el rid\u00edcul si comparem el que inverteix el govern socialista i ella mateix, 220.000 euros\u201d.<\/p>\n\n\n\n<p>Falomir ha remarcat que \u201cel PP mai s&#8217;ha preocupat per la seguretat ciutadana\u201d i ha recordat que \u201cvan ser els successius governs del PP de Rajoy els que van tirar milers d&#8217;agents al carrer i els que van retallar fins a la pr\u00e0ctica desaparici\u00f3 el finan\u00e7ament per a la construcci\u00f3 i modernitzaci\u00f3 d&#8217;infraestructures de seguretat\u201d.<\/p>\n\n\n\n<p>El secretari general del PSPV de Castell\u00f3 ha lamentat que Marta Barrachina \u201csiga cada vegada m\u00e9s \u2018trumpista\u2019 en fer dels \u2018bulos\u2019 la seua pol\u00edtica comunicativa per a desviar l&#8217;atenci\u00f3 i tapar la seua incapacitat per a dirigir la Diputaci\u00f3, sumida ara mateix en un caos de subvencions o la plaga de mosquits que est\u00e0 assotant a les nostres comarques\u201d. \u201c\u00c9s una pena que, en lloc de treballar per Castell\u00f3, el PP preferisca desinformar i generar soroll amb falsedats\u201d.<\/p>\n\n\n\n<p><\/p>\n","protected":false},"excerpt":{"rendered":"<p>El secretari general, Samuel Falomir, ha denunciat que Marta Barrachina i el seu equip estan difonent afirmacions \u201csense fonament\u201d, com la que l\u2019executiu de Pedro S\u00e1nchez no inverteix en casernes, \u201cquan la realitat \u00e9s que el Govern central dedica un pressupost que \u00e9s un 6.700% superior al que destina pr\u00f2pia Barrachina\u201d. \u201cEstem parlant d&#8217;una inversi\u00f3 &#8230; <a title=\"El PSPV acusa el PP d&#8217;utilitzar la Diputaci\u00f3 per a difondre \u2018bulos\u2019 sobre la inversi\u00f3 en casernes de la Gu\u00e0rdia Civil quan el Govern destina un 6.700% m\u00e9s que Barrachina\" class=\"read-more\" href=\"https:\/\/elcafedepipa.com\/index.php\/2024\/10\/09\/el-pspv-acusa-el-pp-dutilitzar-la-diputacio-per-a-difondre-bulos-sobre-la-inversio-en-casernes-de-la-guardia-civil-quan-el-govern-destina-un-6-700-mes-que-barrachina\/\" aria-label=\"M\u00e9s informaci\u00f3 sobre El PSPV acusa el PP d&#8217;utilitzar la Diputaci\u00f3 per a difondre \u2018bulos\u2019 sobre la inversi\u00f3 en casernes de la Gu\u00e0rdia Civil quan el Govern destina un 6.700% m\u00e9s que Barrachina\">Read more<\/a><\/p>\n","protected":false},"author":2,"featured_media":0,"comment_status":"closed","ping_status":"closed","sticky":false,"template":"","format":"standard","meta":{"om_disable_all_campaigns":false,"_monsterinsights_skip_tracking":false,"_monsterinsights_sitenote_active":false,"_monsterinsights_sitenote_note":"","_monsterinsights_sitenote_category":0,"_uf_show_specific_survey":0,"_uf_disable_surveys":false,"footnotes":""},"categories":[10],"tags":[],"class_list":["post-6626","post","type-post","status-publish","format-standard","hentry","category-provinciadecastello"],"_links":{"self":[{"href":"https:\/\/elcafedepipa.com\/index.php\/wp-json\/wp\/v2\/posts\/6626","targetHints":{"allow":["GET"]}}],"collection":[{"href":"https:\/\/elcafedepipa.com\/index.php\/wp-json\/wp\/v2\/posts"}],"about":[{"href":"https:\/\/elcafedepipa.com\/index.php\/wp-json\/wp\/v2\/types\/post"}],"author":[{"embeddable":true,"href":"https:\/\/elcafedepipa.com\/index.php\/wp-json\/wp\/v2\/users\/2"}],"replies":[{"embeddable":true,"href":"https:\/\/elcafedepipa.com\/index.php\/wp-json\/wp\/v2\/comments?post=6626"}],"version-history":[{"count":0,"href":"https:\/\/elcafedepipa.com\/index.php\/wp-json\/wp\/v2\/posts\/6626\/revisions"}],"wp:attachment":[{"href":"https:\/\/elcafedepipa.com\/index.php\/wp-json\/wp\/v2\/media?parent=6626"}],"wp:term":[{"taxonomy":"category","embeddable":true,"href":"https:\/\/elcafedepipa.com\/index.php\/wp-json\/wp\/v2\/categories?post=6626"},{"taxonomy":"post_tag","embeddable":true,"href":"https:\/\/elcafedepipa.com\/index.php\/wp-json\/wp\/v2\/tags?post=6626"}],"curies":[{"name":"wp","href":"https:\/\/api.w.org\/{rel}","templated":true}]}}