{"id":6591,"date":"2024-10-08T14:09:20","date_gmt":"2024-10-08T12:09:20","guid":{"rendered":"https:\/\/elcafedepipa.com\/?p=6591"},"modified":"2024-10-08T14:09:23","modified_gmt":"2024-10-08T12:09:23","slug":"la-diputacio-de-castello-inicia-obres-de-millora-en-quatre-casernes-de-la-guardia-civil-i-denuncia-inaccio-del-govern-central","status":"publish","type":"post","link":"https:\/\/elcafedepipa.com\/index.php\/2024\/10\/08\/la-diputacio-de-castello-inicia-obres-de-millora-en-quatre-casernes-de-la-guardia-civil-i-denuncia-inaccio-del-govern-central\/","title":{"rendered":"La Diputaci\u00f3 de Castell\u00f3 inicia obres de millora en quatre casernes de la Gu\u00e0rdia Civil i denuncia\u00a0inacci\u00f3 del Govern\u00a0Central"},"content":{"rendered":"\n<p><strong>La presidenta Marta Barrachina visita l&#8217;actuaci\u00f3 que s&#8217;est\u00e0 duent a terme en la caserna de Cabanes que forma part de la inversi\u00f3 global de 220.000 euros i inclou tamb\u00e9 les obres ja iniciades en els aquarteraments de Pen\u00edscola, Vilafam\u00e9s i Torreblanca<\/strong><\/p>\n\n\n\n<p>La Diputaci\u00f3 Provincial de Castell\u00f3 ha comen\u00e7at les obres de millora en les casernes de la Gu\u00e0rdia Civil de Cabanes, Pen\u00edscola, Vilafam\u00e9s i Torreblanca, amb una inversi\u00f3 global de 220.000 euros. La presidenta de la Diputaci\u00f3, Marta&nbsp;Barrachina, ha visitat&nbsp;aquest&nbsp;dimarts les actuacions a la caserna de Cabanes, destacant la import\u00e0ncia de la seguretat ciutadana com a pilar fonamental per al benestar de les comunitats.<\/p>\n\n\n\n<p>Barrachina&nbsp;ha subratllat que&nbsp;aquestes&nbsp;actuacions s\u00f3n necess\u00e0ries per a garantir unes instal\u00b7lacions dignes per a les forces de seguretat, contribuint a un ambient de conviv\u00e8ncia tranquil i segur. Les obres inclouen reformes estructurals com la creaci\u00f3 de vestuaris masculins i femenins, la reforma de depend\u00e8ncies oficials i la millora de les instal\u00b7lacions sanit\u00e0ries.<\/p>\n\n\n\n<p>A m\u00e9s, la presidenta ha lamentat la manca de finan\u00e7ament per part del Govern Central, assenyalant que la protecci\u00f3 dels municipis ha de ser una prioritat innegociable.&nbsp;Aquesta&nbsp;inversi\u00f3, ha dit, enfortix les institucions i envia un missatge clar sobre la import\u00e0ncia de la seguretat en els pobles.<\/p>\n\n\n\n<p>Les actuacions inclouen una reforma a Cabanes, amb prop de 40.000 euros destinats a solucionar la falta de vestuaris; a Pen\u00edscola, amb una inversi\u00f3 de 50.000 euros per a millorar la ventilaci\u00f3 i el tancament posterior; a Vilafam\u00e9s, amb una partida de 45.000 euros per a crear nous vestuaris; i a Torreblanca, amb una reforma similar per un cost de m\u00e9s de 48.000 euros.<\/p>\n\n\n\n<p>Aquest&nbsp;projecte forma part del comprom\u00eds de la Diputaci\u00f3 per a col\u00b7laborar amb les forces de seguretat en la millora de les seues instal\u00b7lacions i infraestructures.<\/p>\n","protected":false},"excerpt":{"rendered":"<p>La presidenta Marta Barrachina visita l&#8217;actuaci\u00f3 que s&#8217;est\u00e0 duent a terme en la caserna de Cabanes que forma part de la inversi\u00f3 global de 220.000 euros i inclou tamb\u00e9 les obres ja iniciades en els aquarteraments de Pen\u00edscola, Vilafam\u00e9s i Torreblanca La Diputaci\u00f3 Provincial de Castell\u00f3 ha comen\u00e7at les obres de millora en les casernes &#8230; <a title=\"La Diputaci\u00f3 de Castell\u00f3 inicia obres de millora en quatre casernes de la Gu\u00e0rdia Civil i denuncia\u00a0inacci\u00f3 del Govern\u00a0Central\" class=\"read-more\" href=\"https:\/\/elcafedepipa.com\/index.php\/2024\/10\/08\/la-diputacio-de-castello-inicia-obres-de-millora-en-quatre-casernes-de-la-guardia-civil-i-denuncia-inaccio-del-govern-central\/\" aria-label=\"M\u00e9s informaci\u00f3 sobre La Diputaci\u00f3 de Castell\u00f3 inicia obres de millora en quatre casernes de la Gu\u00e0rdia Civil i denuncia\u00a0inacci\u00f3 del Govern\u00a0Central\">Read more<\/a><\/p>\n","protected":false},"author":2,"featured_media":0,"comment_status":"closed","ping_status":"closed","sticky":false,"template":"","format":"standard","meta":{"om_disable_all_campaigns":false,"_monsterinsights_skip_tracking":false,"_monsterinsights_sitenote_active":false,"_monsterinsights_sitenote_note":"","_monsterinsights_sitenote_category":0,"_uf_show_specific_survey":0,"_uf_disable_surveys":false,"footnotes":""},"categories":[10],"tags":[],"class_list":["post-6591","post","type-post","status-publish","format-standard","hentry","category-provinciadecastello"],"_links":{"self":[{"href":"https:\/\/elcafedepipa.com\/index.php\/wp-json\/wp\/v2\/posts\/6591","targetHints":{"allow":["GET"]}}],"collection":[{"href":"https:\/\/elcafedepipa.com\/index.php\/wp-json\/wp\/v2\/posts"}],"about":[{"href":"https:\/\/elcafedepipa.com\/index.php\/wp-json\/wp\/v2\/types\/post"}],"author":[{"embeddable":true,"href":"https:\/\/elcafedepipa.com\/index.php\/wp-json\/wp\/v2\/users\/2"}],"replies":[{"embeddable":true,"href":"https:\/\/elcafedepipa.com\/index.php\/wp-json\/wp\/v2\/comments?post=6591"}],"version-history":[{"count":0,"href":"https:\/\/elcafedepipa.com\/index.php\/wp-json\/wp\/v2\/posts\/6591\/revisions"}],"wp:attachment":[{"href":"https:\/\/elcafedepipa.com\/index.php\/wp-json\/wp\/v2\/media?parent=6591"}],"wp:term":[{"taxonomy":"category","embeddable":true,"href":"https:\/\/elcafedepipa.com\/index.php\/wp-json\/wp\/v2\/categories?post=6591"},{"taxonomy":"post_tag","embeddable":true,"href":"https:\/\/elcafedepipa.com\/index.php\/wp-json\/wp\/v2\/tags?post=6591"}],"curies":[{"name":"wp","href":"https:\/\/api.w.org\/{rel}","templated":true}]}}