{"id":6583,"date":"2024-10-08T12:54:21","date_gmt":"2024-10-08T10:54:21","guid":{"rendered":"https:\/\/elcafedepipa.com\/?p=6583"},"modified":"2024-10-08T12:54:24","modified_gmt":"2024-10-08T10:54:24","slug":"lajuntament-dalmenara-organitza-visites-guiades-gratuites-al-castell-i-als-estanys-per-a-aquest-trimestre","status":"publish","type":"post","link":"https:\/\/elcafedepipa.com\/index.php\/2024\/10\/08\/lajuntament-dalmenara-organitza-visites-guiades-gratuites-al-castell-i-als-estanys-per-a-aquest-trimestre\/","title":{"rendered":"L&#8217;Ajuntament d&#8217;Almenara organitza visites guiades gratu\u00eftes al Castell i als Estanys per a\u00a0aquest\u00a0trimestre"},"content":{"rendered":"\n<p><strong>Tamb\u00e9 es duran a terme rutes pel Paratge dels Estanys i la Marjal<\/strong><\/p>\n\n\n\n<p>L&#8217;Ajuntament d&#8217;Almenara ha programat una s\u00e8rie de visites guiades gratu\u00eftes al llarg del trimestre per a ve\u00efns, ve\u00efnes i visitants, amb l&#8217;objectiu de donar a con\u00e9ixer dos dels enclavaments m\u00e9s destacats del municipi: el Castell i la recentment restaurada Torre&nbsp;Bivalcadim, aix\u00ed com el Paratge dels Estanys i la Marjal.<\/p>\n\n\n\n<p>Visites al Castell i la Torre&nbsp;Bivalcadim&nbsp;La primera visita guiada al Castell i la Torre&nbsp;Bivalcadim&nbsp;tindr\u00e0 lloc el pr\u00f2xim diumenge, 13 d&#8217;octubre, a partir de les 9.30 h. Les persones interessades hauran de fer una inscripci\u00f3 pr\u00e8via al tel\u00e8fon 660 568 831 (Tourist&nbsp;Info) perqu\u00e8 les places s\u00f3n limitades. L&#8217;activitat&nbsp;comptar\u00e0 amb&nbsp;l&#8217;equip d&#8217;Arqueocas, encap\u00e7alat per Jos\u00e9 Francisco Albelda, que explicar\u00e0 el proc\u00e9s de restauraci\u00f3 de la torre i la hist\u00f2ria del Castell.<\/p>\n\n\n\n<p>Els participants eixiran des de l&#8217;esplanada del Castell i recorreran l&#8217;entorn, amb una pujada i visita a l&#8217;interior de la Torre&nbsp;Bivalcadim&nbsp;en grups redu\u00efts. Es recomana portar roba i cal\u00e7at c\u00f2mode, aigua i una mica de menjar per a esmorzar. Les pr\u00f2ximes rutes tindran lloc el 10 de novembre i el 8 de desembre, amb l&#8217;inici a les 10.00 h.<\/p>\n\n\n\n<p>Visites als Estanys i la Marjal Tamb\u00e9 s&#8217;han programat tres visites guiades al Paratge dels Estanys i la Marjal, els dissabtes 19 d&#8217;octubre, 16 de novembre i 14 de desembre, a les 10.00 h. Igual que en les altres rutes, la inscripci\u00f3 pr\u00e8via \u00e9s necess\u00e0ria, i es pot reservar enviant un correu electr\u00f2nic a aulanatura@almenara.es o telefonant al 679 38 98 87.<\/p>\n\n\n\n<p>Aquesta&nbsp;ruta \u00e9s accessible per a totes les persones, reconeguda el 2017 per la Generalitat Valenciana com la primera ruta tur\u00edstica accessible de la prov\u00edncia de Castell\u00f3.<\/p>\n\n\n\n<p>Aquestes&nbsp;visites&nbsp;ofereixen&nbsp;una excel\u00b7lent oportunitat per a con\u00e9ixer la riquesa cultural i natural d&#8217;Almenara.<\/p>\n","protected":false},"excerpt":{"rendered":"<p>Tamb\u00e9 es duran a terme rutes pel Paratge dels Estanys i la Marjal L&#8217;Ajuntament d&#8217;Almenara ha programat una s\u00e8rie de visites guiades gratu\u00eftes al llarg del trimestre per a ve\u00efns, ve\u00efnes i visitants, amb l&#8217;objectiu de donar a con\u00e9ixer dos dels enclavaments m\u00e9s destacats del municipi: el Castell i la recentment restaurada Torre&nbsp;Bivalcadim, aix\u00ed com &#8230; <a title=\"L&#8217;Ajuntament d&#8217;Almenara organitza visites guiades gratu\u00eftes al Castell i als Estanys per a\u00a0aquest\u00a0trimestre\" class=\"read-more\" href=\"https:\/\/elcafedepipa.com\/index.php\/2024\/10\/08\/lajuntament-dalmenara-organitza-visites-guiades-gratuites-al-castell-i-als-estanys-per-a-aquest-trimestre\/\" aria-label=\"M\u00e9s informaci\u00f3 sobre L&#8217;Ajuntament d&#8217;Almenara organitza visites guiades gratu\u00eftes al Castell i als Estanys per a\u00a0aquest\u00a0trimestre\">Read more<\/a><\/p>\n","protected":false},"author":2,"featured_media":0,"comment_status":"closed","ping_status":"closed","sticky":false,"template":"","format":"standard","meta":{"om_disable_all_campaigns":false,"_monsterinsights_skip_tracking":false,"_monsterinsights_sitenote_active":false,"_monsterinsights_sitenote_note":"","_monsterinsights_sitenote_category":0,"_uf_show_specific_survey":0,"_uf_disable_surveys":false,"footnotes":""},"categories":[5],"tags":[],"class_list":["post-6583","post","type-post","status-publish","format-standard","hentry","category-almenara"],"_links":{"self":[{"href":"https:\/\/elcafedepipa.com\/index.php\/wp-json\/wp\/v2\/posts\/6583","targetHints":{"allow":["GET"]}}],"collection":[{"href":"https:\/\/elcafedepipa.com\/index.php\/wp-json\/wp\/v2\/posts"}],"about":[{"href":"https:\/\/elcafedepipa.com\/index.php\/wp-json\/wp\/v2\/types\/post"}],"author":[{"embeddable":true,"href":"https:\/\/elcafedepipa.com\/index.php\/wp-json\/wp\/v2\/users\/2"}],"replies":[{"embeddable":true,"href":"https:\/\/elcafedepipa.com\/index.php\/wp-json\/wp\/v2\/comments?post=6583"}],"version-history":[{"count":0,"href":"https:\/\/elcafedepipa.com\/index.php\/wp-json\/wp\/v2\/posts\/6583\/revisions"}],"wp:attachment":[{"href":"https:\/\/elcafedepipa.com\/index.php\/wp-json\/wp\/v2\/media?parent=6583"}],"wp:term":[{"taxonomy":"category","embeddable":true,"href":"https:\/\/elcafedepipa.com\/index.php\/wp-json\/wp\/v2\/categories?post=6583"},{"taxonomy":"post_tag","embeddable":true,"href":"https:\/\/elcafedepipa.com\/index.php\/wp-json\/wp\/v2\/tags?post=6583"}],"curies":[{"name":"wp","href":"https:\/\/api.w.org\/{rel}","templated":true}]}}