{"id":6579,"date":"2024-10-08T12:50:23","date_gmt":"2024-10-08T10:50:23","guid":{"rendered":"https:\/\/elcafedepipa.com\/?p=6579"},"modified":"2024-10-08T12:50:25","modified_gmt":"2024-10-08T10:50:25","slug":"la-unio-sollicita-lampliacio-de-les-ajudes-per-al-sector-agrari-afectat-per-la-sequera-i-el-conflicte-a-ucraina","status":"publish","type":"post","link":"https:\/\/elcafedepipa.com\/index.php\/2024\/10\/08\/la-unio-sollicita-lampliacio-de-les-ajudes-per-al-sector-agrari-afectat-per-la-sequera-i-el-conflicte-a-ucraina\/","title":{"rendered":"LA UNI\u00d3 sol\u00b7licita l&#8217;ampliaci\u00f3 de les ajudes per al sector agrari afectat per la sequera i el conflicte a Ucra\u00efna"},"content":{"rendered":"\n<p><strong>Les Confederacions Hidrogr\u00e0fiques del Segura i del X\u00faquer han declarat la situaci\u00f3 de sequera extraordin\u00e0ria, la qual cosa agreuja encara m\u00e9s la situaci\u00f3 d&#8217;emerg\u00e8ncia en la qual es troba el sector agrari valenci\u00e0<\/strong><\/p>\n\n\n\n<p>LA UNI\u00d3 Llauradora i Ramadera ha demanat a la Conselleria d&#8217;Agricultura que amplie el paquet d&#8217;ajudes de 17 milions d&#8217;euros establit pel Decret llei 10\/2024, de 24 de setembre, amb l&#8217;objectiu de donar suport als professionals del sector agrari que han quedat exclosos de les mesures inicials.&nbsp;Aquestes&nbsp;ajudes, que van ser creades per fer front als efectes de la sequera i la crisi b\u00e8l\u00b7lica d&#8217;Ucra\u00efna, ara necessiten ajustar-se per incloure sectors com els cultius de vinya i fruita seca en sec\u00e0 de la comarca d&#8217;Utiel-Requena i el sector ap\u00edcola.<\/p>\n\n\n\n<p>LA UNI\u00d3 ha destacat la import\u00e0ncia de garantir que les ajudes arriben als agricultors professionals, ja que s\u00f3n els qui m\u00e9s depenen d&#8217;aquesta&nbsp;activitat per a la seua subsist\u00e8ncia. L&#8217;entitat tamb\u00e9 ha sol\u00b7licitat al Ministeri d&#8217;Agricultura que complete les ajudes auton\u00f2miques amb mesures addicionals,&nbsp;ja que&nbsp;les actuals s\u00f3n insuficients per mitigar els efectes de la sequera prolongada i el conflicte a Ucra\u00efna, especialment en sectors com la ramaderia extensiva i els cultius de sec\u00e0.<\/p>\n\n\n\n<p>Aquesta&nbsp;sol\u00b7licitud arriba en un moment de declaraci\u00f3 de sequera extraordin\u00e0ria per part de les Confederacions Hidrogr\u00e0fiques del Segura i del X\u00faquer, la qual cosa&nbsp;reflectix&nbsp;la gravetat de la situaci\u00f3 i el risc que suposa per a la viabilitat de les explotacions agr\u00e0ries, especialment en zones en risc de despoblaci\u00f3.<\/p>\n","protected":false},"excerpt":{"rendered":"<p>Les Confederacions Hidrogr\u00e0fiques del Segura i del X\u00faquer han declarat la situaci\u00f3 de sequera extraordin\u00e0ria, la qual cosa agreuja encara m\u00e9s la situaci\u00f3 d&#8217;emerg\u00e8ncia en la qual es troba el sector agrari valenci\u00e0 LA UNI\u00d3 Llauradora i Ramadera ha demanat a la Conselleria d&#8217;Agricultura que amplie el paquet d&#8217;ajudes de 17 milions d&#8217;euros establit pel &#8230; <a title=\"LA UNI\u00d3 sol\u00b7licita l&#8217;ampliaci\u00f3 de les ajudes per al sector agrari afectat per la sequera i el conflicte a Ucra\u00efna\" class=\"read-more\" href=\"https:\/\/elcafedepipa.com\/index.php\/2024\/10\/08\/la-unio-sollicita-lampliacio-de-les-ajudes-per-al-sector-agrari-afectat-per-la-sequera-i-el-conflicte-a-ucraina\/\" aria-label=\"M\u00e9s informaci\u00f3 sobre LA UNI\u00d3 sol\u00b7licita l&#8217;ampliaci\u00f3 de les ajudes per al sector agrari afectat per la sequera i el conflicte a Ucra\u00efna\">Read more<\/a><\/p>\n","protected":false},"author":2,"featured_media":0,"comment_status":"closed","ping_status":"closed","sticky":false,"template":"","format":"standard","meta":{"om_disable_all_campaigns":false,"_monsterinsights_skip_tracking":false,"_monsterinsights_sitenote_active":false,"_monsterinsights_sitenote_note":"","_monsterinsights_sitenote_category":0,"_uf_show_specific_survey":0,"_uf_disable_surveys":false,"footnotes":""},"categories":[11,10],"tags":[],"class_list":["post-6579","post","type-post","status-publish","format-standard","hentry","category-comunitatvalenciana","category-provinciadecastello"],"_links":{"self":[{"href":"https:\/\/elcafedepipa.com\/index.php\/wp-json\/wp\/v2\/posts\/6579","targetHints":{"allow":["GET"]}}],"collection":[{"href":"https:\/\/elcafedepipa.com\/index.php\/wp-json\/wp\/v2\/posts"}],"about":[{"href":"https:\/\/elcafedepipa.com\/index.php\/wp-json\/wp\/v2\/types\/post"}],"author":[{"embeddable":true,"href":"https:\/\/elcafedepipa.com\/index.php\/wp-json\/wp\/v2\/users\/2"}],"replies":[{"embeddable":true,"href":"https:\/\/elcafedepipa.com\/index.php\/wp-json\/wp\/v2\/comments?post=6579"}],"version-history":[{"count":0,"href":"https:\/\/elcafedepipa.com\/index.php\/wp-json\/wp\/v2\/posts\/6579\/revisions"}],"wp:attachment":[{"href":"https:\/\/elcafedepipa.com\/index.php\/wp-json\/wp\/v2\/media?parent=6579"}],"wp:term":[{"taxonomy":"category","embeddable":true,"href":"https:\/\/elcafedepipa.com\/index.php\/wp-json\/wp\/v2\/categories?post=6579"},{"taxonomy":"post_tag","embeddable":true,"href":"https:\/\/elcafedepipa.com\/index.php\/wp-json\/wp\/v2\/tags?post=6579"}],"curies":[{"name":"wp","href":"https:\/\/api.w.org\/{rel}","templated":true}]}}