{"id":6560,"date":"2024-10-08T07:36:34","date_gmt":"2024-10-08T05:36:34","guid":{"rendered":"https:\/\/elcafedepipa.com\/?p=6560"},"modified":"2024-10-08T07:36:36","modified_gmt":"2024-10-08T05:36:36","slug":"la-diputacio-de-castello-entregara-els-guardons-de-la-sexta-edicio-de-letras-del-mediterraneo-el-proxim-24-doctubre","status":"publish","type":"post","link":"https:\/\/elcafedepipa.com\/index.php\/2024\/10\/08\/la-diputacio-de-castello-entregara-els-guardons-de-la-sexta-edicio-de-letras-del-mediterraneo-el-proxim-24-doctubre\/","title":{"rendered":"La Diputaci\u00f3 de Castell\u00f3 entregar\u00e0 els guardons de la sexta edici\u00f3 de Letras del Mediterr\u00e1neo el pr\u00f2xim 24 d&#8217;octubre"},"content":{"rendered":"\n<p><strong>Bego\u00f1a Valero rebr\u00e0 el guard\u00f3 L<\/strong><strong>etras<\/strong><strong>&nbsp;del Mediterr<\/strong><strong>\u00e1neo<\/strong><strong>&nbsp;en la categoria de novel\u00b7la hist\u00f2rica<\/strong><\/p>\n\n\n\n<p>La Diputaci\u00f3 Provincial de Castell\u00f3 celebrar\u00e0 el dijous 24 d&#8217;octubre la gala d&#8217;entrega dels guardons de la sexta edici\u00f3 de&nbsp;Letras&nbsp;del&nbsp;Mediterr\u00e1neo, un certamen literari que promou la prov\u00edncia a trav\u00e9s d&#8217;escriptors que ambienten les seues obres en poblacions i paratges de Castell\u00f3. El diputat de Cultura,&nbsp;Alejandro&nbsp;Clausell, ha subratllat la import\u00e0ncia d&#8217;aquests&nbsp;premis, afirmant que &#8220;recuperem uns guardons que permeten que grans autors utilitzen les seues obres liter\u00e0ries com una ferramenta de promoci\u00f3 atractiva per a la nostra prov\u00edncia&#8221;.<\/p>\n\n\n\n<p>Segons&nbsp;Clausell,&nbsp;aquests&nbsp;guardons situen Castell\u00f3 com un referent cultural, i les obres premiades, publicades&nbsp;a nivell nacional&nbsp;i internacional,&nbsp;enriqueixen&nbsp;el panorama literari amb la diversitat i riquesa de la narrativa mediterr\u00e0nia.<\/p>\n\n\n\n<p>Durant la gala, que tindr\u00e0 lloc al Moll de Costa del Grau de Castell\u00f3, l&#8217;escriptora&nbsp;Bego\u00f1a&nbsp;Valero rebr\u00e0 el guard\u00f3 en la categoria de novel\u00b7la hist\u00f2rica. Valero ha expressat la seua satisfacci\u00f3 per&nbsp;aquest&nbsp;reconeixement, afirmant que &#8220;aconseguir el Guard\u00f3&nbsp;Letras&nbsp;del&nbsp;Mediterr\u00e1neo&nbsp;2024 \u00e9s molt gratificant per a mi i representa un gran honor&#8221;. Ha destacat que&nbsp;aquest&nbsp;premi contribuir\u00e0 a fer que el seu pr\u00f2xim treball siga un desafiament emocionant, reflectint la hist\u00f2ria, el paisatge i les gents de la prov\u00edncia de Castell\u00f3.<\/p>\n\n\n\n<p>La novel\u00b7la guardonada ser\u00e0 publicada per l&#8217;editorial Sargantana, que ha manifestat el seu entusiasme per col\u00b7laborar amb Valero, elogiant la seua actitud positiva i professionalisme.<\/p>\n\n\n\n<p>Bego\u00f1a&nbsp;Valero \u00e9s una autora reconeguda en el m\u00f3n de la novel\u00b7la hist\u00f2rica.&nbsp;Recentment,&nbsp;ha obtingut el Premi&nbsp;ODILO&nbsp;2024 a la millor autora de novel\u00b7la hist\u00f2rica per la seua obra Un&nbsp;testigo&nbsp;llamado&nbsp;Cervantes, que narra la captivitat de Cervantes a Alger i el seu testimoniatge en un ju\u00ed criminal a Val\u00e8ncia al segle XVI.&nbsp;Aquest&nbsp;premi li ser\u00e0 entregat el 5 d&#8217;octubre durant la Setmana de Novel\u00b7la Hist\u00f2rica de Cartagena.<\/p>\n\n\n\n<p>Valero, origin\u00e0ria de Banyeres de Mariola (Alacant) i resident a Val\u00e8ncia, \u00e9s llicenciada en Medicina i Cirurgia per la Universitat de Val\u00e8ncia. Ha publicat diverses novel\u00b7les hist\u00f2riques, entre elles El&nbsp;trabajo&nbsp;de&nbsp;los&nbsp;libros&nbsp;(2012) i La casa del&nbsp;Comp\u00e1s&nbsp;de&nbsp;Oro&nbsp;(2017). A m\u00e9s, ha format part de diversos jurats literaris i \u00e9s reconeguda pel seu treball en la difusi\u00f3 de la hist\u00f2ria de la impremta a trav\u00e9s de la literatura. Tamb\u00e9 \u00e9s membre de la Xarxa d&#8217;Escriptores del Mediterrani i de l&#8217;Associaci\u00f3 d&#8217;Escriptors amb la Hist\u00f2ria.<\/p>\n\n\n\n<p>Amb&nbsp;aquests&nbsp;guardons, la Diputaci\u00f3 de Castell\u00f3 reafirma el seu comprom\u00eds amb la cultura i la promoci\u00f3 de la prov\u00edncia a trav\u00e9s de la literatura.<\/p>\n","protected":false},"excerpt":{"rendered":"<p>Bego\u00f1a Valero rebr\u00e0 el guard\u00f3 Letras&nbsp;del Mediterr\u00e1neo&nbsp;en la categoria de novel\u00b7la hist\u00f2rica La Diputaci\u00f3 Provincial de Castell\u00f3 celebrar\u00e0 el dijous 24 d&#8217;octubre la gala d&#8217;entrega dels guardons de la sexta edici\u00f3 de&nbsp;Letras&nbsp;del&nbsp;Mediterr\u00e1neo, un certamen literari que promou la prov\u00edncia a trav\u00e9s d&#8217;escriptors que ambienten les seues obres en poblacions i paratges de Castell\u00f3. El diputat &#8230; <a title=\"La Diputaci\u00f3 de Castell\u00f3 entregar\u00e0 els guardons de la sexta edici\u00f3 de Letras del Mediterr\u00e1neo el pr\u00f2xim 24 d&#8217;octubre\" class=\"read-more\" href=\"https:\/\/elcafedepipa.com\/index.php\/2024\/10\/08\/la-diputacio-de-castello-entregara-els-guardons-de-la-sexta-edicio-de-letras-del-mediterraneo-el-proxim-24-doctubre\/\" aria-label=\"M\u00e9s informaci\u00f3 sobre La Diputaci\u00f3 de Castell\u00f3 entregar\u00e0 els guardons de la sexta edici\u00f3 de Letras del Mediterr\u00e1neo el pr\u00f2xim 24 d&#8217;octubre\">Read more<\/a><\/p>\n","protected":false},"author":2,"featured_media":6561,"comment_status":"closed","ping_status":"closed","sticky":false,"template":"","format":"standard","meta":{"om_disable_all_campaigns":false,"_monsterinsights_skip_tracking":false,"_monsterinsights_sitenote_active":false,"_monsterinsights_sitenote_note":"","_monsterinsights_sitenote_category":0,"_uf_show_specific_survey":0,"_uf_disable_surveys":false,"footnotes":""},"categories":[10],"tags":[],"class_list":["post-6560","post","type-post","status-publish","format-standard","has-post-thumbnail","hentry","category-provinciadecastello"],"_links":{"self":[{"href":"https:\/\/elcafedepipa.com\/index.php\/wp-json\/wp\/v2\/posts\/6560","targetHints":{"allow":["GET"]}}],"collection":[{"href":"https:\/\/elcafedepipa.com\/index.php\/wp-json\/wp\/v2\/posts"}],"about":[{"href":"https:\/\/elcafedepipa.com\/index.php\/wp-json\/wp\/v2\/types\/post"}],"author":[{"embeddable":true,"href":"https:\/\/elcafedepipa.com\/index.php\/wp-json\/wp\/v2\/users\/2"}],"replies":[{"embeddable":true,"href":"https:\/\/elcafedepipa.com\/index.php\/wp-json\/wp\/v2\/comments?post=6560"}],"version-history":[{"count":0,"href":"https:\/\/elcafedepipa.com\/index.php\/wp-json\/wp\/v2\/posts\/6560\/revisions"}],"wp:featuredmedia":[{"embeddable":true,"href":"https:\/\/elcafedepipa.com\/index.php\/wp-json\/wp\/v2\/media\/6561"}],"wp:attachment":[{"href":"https:\/\/elcafedepipa.com\/index.php\/wp-json\/wp\/v2\/media?parent=6560"}],"wp:term":[{"taxonomy":"category","embeddable":true,"href":"https:\/\/elcafedepipa.com\/index.php\/wp-json\/wp\/v2\/categories?post=6560"},{"taxonomy":"post_tag","embeddable":true,"href":"https:\/\/elcafedepipa.com\/index.php\/wp-json\/wp\/v2\/tags?post=6560"}],"curies":[{"name":"wp","href":"https:\/\/api.w.org\/{rel}","templated":true}]}}