{"id":6548,"date":"2024-10-07T14:48:33","date_gmt":"2024-10-07T12:48:33","guid":{"rendered":"https:\/\/elcafedepipa.com\/?p=6548"},"modified":"2024-10-07T14:48:34","modified_gmt":"2024-10-07T12:48:34","slug":"nules-inicia-la-setmana-amb-una-intensa-jornada-festiva-en-honor-a-la-mare-de-deu-de-la-soledat","status":"publish","type":"post","link":"https:\/\/elcafedepipa.com\/index.php\/2024\/10\/07\/nules-inicia-la-setmana-amb-una-intensa-jornada-festiva-en-honor-a-la-mare-de-deu-de-la-soledat\/","title":{"rendered":"Nules inicia la setmana amb una intensa jornada festiva en honor a la Mare de D\u00e9u de la Soledat"},"content":{"rendered":"\n<p><strong>La reina i dames de la vila i les autoritats visiten\u00a0 el Centre Respira i Alzheimer Fundaci\u00f3 Salom\u00e9 Moliner<\/strong><\/p>\n\n\n\n<p>Nules comen\u00e7a la setmana amb una jornada repleta d\u2019actes festiu emmarcats en les festes patronals en honor a la Mare de D\u00e9u de la Soledat, en aquest sentit la Reina de la Vila, Nora Cano, les dames de la vila i&nbsp; la regidora de Festes, Blanca Silvestre, juntament amb la resta de membres de la Corporaci\u00f3 Municipal han visitat aquest mat\u00ed a les persones usu\u00e0ries del Centre&nbsp; Respira i Alzheimer de Nules Fundaci\u00f3 Salom\u00e9 Moliner, i han assistit tamb\u00e9 a la missa d\u2019\u00e0nimes.<\/p>\n\n\n\n<p>Aix\u00ed mateix, les persones majors tamb\u00e9 seran protagonistes amb el ball per a la gent major que tindr\u00e0 lloc aquesta vesprada al Local Multifuncional; a m\u00e9s&nbsp; els actes culturals estaran representants amb la inauguraci\u00f3 de l\u2019exposici\u00f3 d\u2019Aquarel\u00b7les Taurines de Santiago Gil que patrocina la Penya&nbsp; el 7, i que es podr\u00e0 visitar fins divendres, 11 d\u2019octubre, a la sala d\u2019exposicions de la Biblioteca Municipal Jos\u00e9 Vicente Felip Monlle\u00f3; i tamb\u00e9 tindr\u00e0 lloc aquesta nit un dels actes m\u00e9s consolidats d\u2019aquestes festes com \u00e9s&nbsp; la Nit d\u2019Albaes a c\u00e0rrec de Josep Aparicio \u201cApa\u201d.&nbsp;<\/p>\n\n\n\n<p>Dem\u00e0 dimarts tindr\u00e0 lloc la Nit de la Torr\u00e0, tamb\u00e9 hi haur\u00e0 actes taurins amb l\u2019exhibici\u00f3 de vaques de la ramaderia de Hermanos Bell\u00e9s que patrocina la Penya Cultural Taurina. A mes a m\u00e9s, se celebrar\u00e0 la Serenata a la Mare de D\u00e9u de la Soledat a la seua capella a c\u00e0rrec de la Coral de Sant Bartomeu.<\/p>\n\n\n\n<p>Per altra banda, els m\u00e9s menuts podran gaudir d\u2019un parc infantil d\u2019inflables i del Correllengua que comptar\u00e0 amb l\u2019actuaci\u00f3 de Xarxa Teatre. Al mes\u00f3 de la tapa s\u2019ha programat un \u201ctardeo\u201d amb m\u00fasica en directe, i per la nit hi haur\u00e0 discom\u00f2bils en diferents llocs de la poblaci\u00f3.&nbsp;&nbsp;&nbsp;&nbsp;<\/p>\n\n\n\n<p>Cal destacar a m\u00e9s que, entre els actes m\u00e9s esperats i participatius d\u2019aquesta programaci\u00f3 es troba el Dia de Paelles que se celebrar\u00e0 dimecres, 9 d\u2019octubre, al carrer de Marco Antonio Ort\u00ed, i al que es preveu la participaci\u00f3 del voltant de 3.000 persones, i que estar\u00e0 amenitzat per la xaranga En Ambar, l\u2019orquestra Tokyo Band i el DJ&nbsp; Iv\u00e1n Puerto.<\/p>\n","protected":false},"excerpt":{"rendered":"<p>La reina i dames de la vila i les autoritats visiten\u00a0 el Centre Respira i Alzheimer Fundaci\u00f3 Salom\u00e9 Moliner Nules comen\u00e7a la setmana amb una jornada repleta d\u2019actes festiu emmarcats en les festes patronals en honor a la Mare de D\u00e9u de la Soledat, en aquest sentit la Reina de la Vila, Nora Cano, les &#8230; <a title=\"Nules inicia la setmana amb una intensa jornada festiva en honor a la Mare de D\u00e9u de la Soledat\" class=\"read-more\" href=\"https:\/\/elcafedepipa.com\/index.php\/2024\/10\/07\/nules-inicia-la-setmana-amb-una-intensa-jornada-festiva-en-honor-a-la-mare-de-deu-de-la-soledat\/\" aria-label=\"M\u00e9s informaci\u00f3 sobre Nules inicia la setmana amb una intensa jornada festiva en honor a la Mare de D\u00e9u de la Soledat\">Read more<\/a><\/p>\n","protected":false},"author":2,"featured_media":0,"comment_status":"closed","ping_status":"closed","sticky":false,"template":"","format":"standard","meta":{"om_disable_all_campaigns":false,"_monsterinsights_skip_tracking":false,"_monsterinsights_sitenote_active":false,"_monsterinsights_sitenote_note":"","_monsterinsights_sitenote_category":0,"_uf_show_specific_survey":0,"_uf_disable_surveys":false,"footnotes":""},"categories":[3],"tags":[],"class_list":["post-6548","post","type-post","status-publish","format-standard","hentry","category-nules"],"_links":{"self":[{"href":"https:\/\/elcafedepipa.com\/index.php\/wp-json\/wp\/v2\/posts\/6548","targetHints":{"allow":["GET"]}}],"collection":[{"href":"https:\/\/elcafedepipa.com\/index.php\/wp-json\/wp\/v2\/posts"}],"about":[{"href":"https:\/\/elcafedepipa.com\/index.php\/wp-json\/wp\/v2\/types\/post"}],"author":[{"embeddable":true,"href":"https:\/\/elcafedepipa.com\/index.php\/wp-json\/wp\/v2\/users\/2"}],"replies":[{"embeddable":true,"href":"https:\/\/elcafedepipa.com\/index.php\/wp-json\/wp\/v2\/comments?post=6548"}],"version-history":[{"count":0,"href":"https:\/\/elcafedepipa.com\/index.php\/wp-json\/wp\/v2\/posts\/6548\/revisions"}],"wp:attachment":[{"href":"https:\/\/elcafedepipa.com\/index.php\/wp-json\/wp\/v2\/media?parent=6548"}],"wp:term":[{"taxonomy":"category","embeddable":true,"href":"https:\/\/elcafedepipa.com\/index.php\/wp-json\/wp\/v2\/categories?post=6548"},{"taxonomy":"post_tag","embeddable":true,"href":"https:\/\/elcafedepipa.com\/index.php\/wp-json\/wp\/v2\/tags?post=6548"}],"curies":[{"name":"wp","href":"https:\/\/api.w.org\/{rel}","templated":true}]}}