{"id":6540,"date":"2024-10-07T13:20:09","date_gmt":"2024-10-07T11:20:09","guid":{"rendered":"https:\/\/elcafedepipa.com\/?p=6540"},"modified":"2024-10-07T13:20:12","modified_gmt":"2024-10-07T11:20:12","slug":"la-diputacio-de-castello-treballa-en-lelaboracio-del-pressupost-2025-tot-i-que-assenyala-obstacles-del-govern-central","status":"publish","type":"post","link":"https:\/\/elcafedepipa.com\/index.php\/2024\/10\/07\/la-diputacio-de-castello-treballa-en-lelaboracio-del-pressupost-2025-tot-i-que-assenyala-obstacles-del-govern-central\/","title":{"rendered":"La Diputaci\u00f3 de Castell\u00f3 treballa en l&#8217;elaboraci\u00f3 del pressupost 2025, tot i que assenyala obstacles del Govern Central"},"content":{"rendered":"\n<p><strong>L&#8217;infrafinan\u00e7ament, les regles fiscals i la falta de Pressupost General de l&#8217;Estat s\u00f3n obstacles significatius per a l&#8217;elaboraci\u00f3 del pressupost del pr\u00f2xim exercici<\/strong><\/p>\n\n\n\n<p>El Govern Provincial de Castell\u00f3 es troba immers en el proc\u00e9s d&#8217;elaboraci\u00f3 del pressupost per a 2025, tot i que s\u2019est\u00e0 enfrontant a diverses dificultats provocades per la \u201cpar\u00e0lisi i inacci\u00f3 del Govern d&#8217;Espanya\u201d, segons ha afirmat la vicepresidenta i responsable de l&#8217;\u00e0rea Econ\u00f2mica de la Diputaci\u00f3, Mar\u00eda \u00c1ngeles Pallar\u00e9s.<\/p>\n\n\n\n<p>Pallar\u00e9s ha explicat que factors com l&#8217;infrafinan\u00e7ament, la incertesa sobre les regles fiscals i la no aprovaci\u00f3 dels&nbsp;Pressupostos Generals de l&#8217;Estat&nbsp;per a 2025 s&#8217;han convertit en \u201cobstacles significatius\u201d per a la gesti\u00f3 de la Diputaci\u00f3, ja que estan alentint el proc\u00e9s d&#8217;encaix del pressupost provincial.<\/p>\n\n\n\n<p>La vicepresidenta ha assenyalat que \u201cno comptar amb els&nbsp;Pressupostos Generals de l&#8217;Estat&nbsp;implica no con\u00e9ixer les liquidacions ni els lliuraments a compte, la qual cosa \u00e9s essencial per a l&#8217;elaboraci\u00f3 de qualsevol pressupost, tant per a la Diputaci\u00f3 com per als ajuntaments\u201d. A m\u00e9s, ha indicat que la falta de regles fiscals clares genera una incertesa que est\u00e0 entorpint l&#8217;elaboraci\u00f3 dels pressupostos provincials.<\/p>\n\n\n\n<p>El disseny del pressupost 2025 \u00e9s fonamental per a garantir el desenvolupament, les oportunitats i el benestar en els 135 municipis de la prov\u00edncia de Castell\u00f3. No obstant aix\u00f2, Pallar\u00e9s ha lamentat que \u201cles dificultats procedents del Govern d&#8217;Espanya estan dificultant el treball que haur\u00edem d&#8217;estar fent amb previsi\u00f3 i confian\u00e7a\u201d.<\/p>\n\n\n\n<p>A m\u00e9s de l&#8217;infrafinan\u00e7ament que, segons Pallar\u00e9s, el Govern Central imposa a la Comunitat Valenciana, la situaci\u00f3 s&#8217;ha complicat per l&#8217;abs\u00e8ncia d&#8217;uns&nbsp;Pressupostos Generals de l&#8217;Estat&nbsp;que proporcionen una base s\u00f2lida per a planificar els recursos econ\u00f2mics. Tamb\u00e9 ha destacat que la manca de previsibilitat en les regles fiscals dificulta l&#8217;assignaci\u00f3 adequada de recursos per a serveis essencials, infraestructures i projectes de desenvolupament.<\/p>\n\n\n\n<p>Davant d&#8217;aquesta&nbsp;situaci\u00f3, el Govern Provincial ha reclamat al Govern Central que actue amb celeritat i responsabilitat per aprovar els&nbsp;Pressupostos Generals de l&#8217;Estat, subratllant la necessitat d&#8217;un marc fiscal que permeta a les diputacions i ajuntaments planificar i gestionar els seus recursos amb previsi\u00f3 i certesa.<\/p>\n\n\n\n<p>Tot i&nbsp;aquestes&nbsp;restriccions econ\u00f2miques, el Govern Provincial, encap\u00e7alat per la presidenta Marta&nbsp;Barrachina, continua treballant en la redacci\u00f3 del pressupost de 2025. Segons Pallar\u00e9s, \u201cel pressupost \u00e9s la columna vertebral sobre la qual es&nbsp;construeix&nbsp;el futur de la nostra prov\u00edncia\u201d, amb l&#8217;objectiu de respondre als reptes i necessitats dels 135 municipis de Castell\u00f3.<\/p>\n","protected":false},"excerpt":{"rendered":"<p>L&#8217;infrafinan\u00e7ament, les regles fiscals i la falta de Pressupost General de l&#8217;Estat s\u00f3n obstacles significatius per a l&#8217;elaboraci\u00f3 del pressupost del pr\u00f2xim exercici El Govern Provincial de Castell\u00f3 es troba immers en el proc\u00e9s d&#8217;elaboraci\u00f3 del pressupost per a 2025, tot i que s\u2019est\u00e0 enfrontant a diverses dificultats provocades per la \u201cpar\u00e0lisi i inacci\u00f3 del &#8230; <a title=\"La Diputaci\u00f3 de Castell\u00f3 treballa en l&#8217;elaboraci\u00f3 del pressupost 2025, tot i que assenyala obstacles del Govern Central\" class=\"read-more\" href=\"https:\/\/elcafedepipa.com\/index.php\/2024\/10\/07\/la-diputacio-de-castello-treballa-en-lelaboracio-del-pressupost-2025-tot-i-que-assenyala-obstacles-del-govern-central\/\" aria-label=\"M\u00e9s informaci\u00f3 sobre La Diputaci\u00f3 de Castell\u00f3 treballa en l&#8217;elaboraci\u00f3 del pressupost 2025, tot i que assenyala obstacles del Govern Central\">Read more<\/a><\/p>\n","protected":false},"author":2,"featured_media":0,"comment_status":"closed","ping_status":"closed","sticky":false,"template":"","format":"standard","meta":{"om_disable_all_campaigns":false,"_monsterinsights_skip_tracking":false,"_monsterinsights_sitenote_active":false,"_monsterinsights_sitenote_note":"","_monsterinsights_sitenote_category":0,"_uf_show_specific_survey":0,"_uf_disable_surveys":false,"footnotes":""},"categories":[10],"tags":[],"class_list":["post-6540","post","type-post","status-publish","format-standard","hentry","category-provinciadecastello"],"_links":{"self":[{"href":"https:\/\/elcafedepipa.com\/index.php\/wp-json\/wp\/v2\/posts\/6540","targetHints":{"allow":["GET"]}}],"collection":[{"href":"https:\/\/elcafedepipa.com\/index.php\/wp-json\/wp\/v2\/posts"}],"about":[{"href":"https:\/\/elcafedepipa.com\/index.php\/wp-json\/wp\/v2\/types\/post"}],"author":[{"embeddable":true,"href":"https:\/\/elcafedepipa.com\/index.php\/wp-json\/wp\/v2\/users\/2"}],"replies":[{"embeddable":true,"href":"https:\/\/elcafedepipa.com\/index.php\/wp-json\/wp\/v2\/comments?post=6540"}],"version-history":[{"count":0,"href":"https:\/\/elcafedepipa.com\/index.php\/wp-json\/wp\/v2\/posts\/6540\/revisions"}],"wp:attachment":[{"href":"https:\/\/elcafedepipa.com\/index.php\/wp-json\/wp\/v2\/media?parent=6540"}],"wp:term":[{"taxonomy":"category","embeddable":true,"href":"https:\/\/elcafedepipa.com\/index.php\/wp-json\/wp\/v2\/categories?post=6540"},{"taxonomy":"post_tag","embeddable":true,"href":"https:\/\/elcafedepipa.com\/index.php\/wp-json\/wp\/v2\/tags?post=6540"}],"curies":[{"name":"wp","href":"https:\/\/api.w.org\/{rel}","templated":true}]}}