{"id":6432,"date":"2024-10-05T09:30:00","date_gmt":"2024-10-05T07:30:00","guid":{"rendered":"https:\/\/elcafedepipa.com\/?p=6432"},"modified":"2024-10-04T10:47:55","modified_gmt":"2024-10-04T08:47:55","slug":"el-pspv-celebra-la-renuncia-al-projecte-de-la-macroplanta-solar-de-magda-com-una-victoria-de-la-societat-civil","status":"publish","type":"post","link":"https:\/\/elcafedepipa.com\/index.php\/2024\/10\/05\/el-pspv-celebra-la-renuncia-al-projecte-de-la-macroplanta-solar-de-magda-com-una-victoria-de-la-societat-civil\/","title":{"rendered":"El PSPV celebra la ren\u00fancia al projecte de la macroplanta solar de Magda com una vict\u00f2ria de la societat civil"},"content":{"rendered":"\n<p><strong>La portaveu socialista, Ruth Sanz, agraeix la implicaci\u00f3 de la ciutadania i les institucions en la defensa de la prov\u00edncia i demana que futurs projectes seguisquen criteris de sostenibilitat ambiental<\/strong><\/p>\n\n\n\n<p>La portaveu del PSPV-PSOE de Castell\u00f3, Ruth Sanz, ha celebrat la retirada del projecte de la macroplanta solar que es planejava construir a les comarques de la Plana. Segons Sanz, aquesta decisi\u00f3 representa \u201cuna vict\u00f2ria de la societat civil gr\u00e0cies a la seua pressi\u00f3 per a preservar el territori\u201d. A m\u00e9s, ha destacat la fermesa del Ministeri de Medi Ambient en exigir el compliment dels requisits normatius per a compatibilitzar l&#8217;energia amb la protecci\u00f3 de l&#8217;agricultura i el medi natural.<\/p>\n\n\n\n<p>Sanz ha recordat que el projecte afectava centenars d&#8217;hect\u00e0rees d&#8217;alt valor paisatg\u00edstic i agr\u00edcola en 12 localitats de la prov\u00edncia, una situaci\u00f3 que el seu partit considerava inacceptable. A m\u00e9s, ha subratllat el suport del Partit Socialista a una implantaci\u00f3 ordenada d&#8217;energies renovables, sempre respectant el medi ambient.<\/p>\n\n\n\n<p>La diputada ha agra\u00eft el comprom\u00eds dels seus companys de partit, els ajuntaments i el Consell de Ximo Puig en la defensa del territori i ha afirmat que \u201cquan la societat civil i les institucions treballen juntes, poden aconseguir els seus objectius\u201d. Finalment, Sanz ha expressat el seu desig que altres projectes que posen en risc el patrimoni natural de Castell\u00f3 es desestimen, donant suport nom\u00e9s a inversions sostenibles.<\/p>\n\n\n\n<p><\/p>\n","protected":false},"excerpt":{"rendered":"<p>La portaveu socialista, Ruth Sanz, agraeix la implicaci\u00f3 de la ciutadania i les institucions en la defensa de la prov\u00edncia i demana que futurs projectes seguisquen criteris de sostenibilitat ambiental La portaveu del PSPV-PSOE de Castell\u00f3, Ruth Sanz, ha celebrat la retirada del projecte de la macroplanta solar que es planejava construir a les comarques &#8230; <a title=\"El PSPV celebra la ren\u00fancia al projecte de la macroplanta solar de Magda com una vict\u00f2ria de la societat civil\" class=\"read-more\" href=\"https:\/\/elcafedepipa.com\/index.php\/2024\/10\/05\/el-pspv-celebra-la-renuncia-al-projecte-de-la-macroplanta-solar-de-magda-com-una-victoria-de-la-societat-civil\/\" aria-label=\"M\u00e9s informaci\u00f3 sobre El PSPV celebra la ren\u00fancia al projecte de la macroplanta solar de Magda com una vict\u00f2ria de la societat civil\">Read more<\/a><\/p>\n","protected":false},"author":2,"featured_media":0,"comment_status":"closed","ping_status":"closed","sticky":false,"template":"","format":"standard","meta":{"om_disable_all_campaigns":false,"_monsterinsights_skip_tracking":false,"_monsterinsights_sitenote_active":false,"_monsterinsights_sitenote_note":"","_monsterinsights_sitenote_category":0,"_uf_show_specific_survey":0,"_uf_disable_surveys":false,"footnotes":""},"categories":[11],"tags":[],"class_list":["post-6432","post","type-post","status-publish","format-standard","hentry","category-comunitatvalenciana"],"_links":{"self":[{"href":"https:\/\/elcafedepipa.com\/index.php\/wp-json\/wp\/v2\/posts\/6432","targetHints":{"allow":["GET"]}}],"collection":[{"href":"https:\/\/elcafedepipa.com\/index.php\/wp-json\/wp\/v2\/posts"}],"about":[{"href":"https:\/\/elcafedepipa.com\/index.php\/wp-json\/wp\/v2\/types\/post"}],"author":[{"embeddable":true,"href":"https:\/\/elcafedepipa.com\/index.php\/wp-json\/wp\/v2\/users\/2"}],"replies":[{"embeddable":true,"href":"https:\/\/elcafedepipa.com\/index.php\/wp-json\/wp\/v2\/comments?post=6432"}],"version-history":[{"count":0,"href":"https:\/\/elcafedepipa.com\/index.php\/wp-json\/wp\/v2\/posts\/6432\/revisions"}],"wp:attachment":[{"href":"https:\/\/elcafedepipa.com\/index.php\/wp-json\/wp\/v2\/media?parent=6432"}],"wp:term":[{"taxonomy":"category","embeddable":true,"href":"https:\/\/elcafedepipa.com\/index.php\/wp-json\/wp\/v2\/categories?post=6432"},{"taxonomy":"post_tag","embeddable":true,"href":"https:\/\/elcafedepipa.com\/index.php\/wp-json\/wp\/v2\/tags?post=6432"}],"curies":[{"name":"wp","href":"https:\/\/api.w.org\/{rel}","templated":true}]}}