{"id":6396,"date":"2024-10-03T13:46:47","date_gmt":"2024-10-03T11:46:47","guid":{"rendered":"https:\/\/elcafedepipa.com\/?p=6396"},"modified":"2024-10-03T13:46:48","modified_gmt":"2024-10-03T11:46:48","slug":"la-diputacio-de-castello-impulsa-les-energies-renovables-amb-216-plaques-fotovoltaiques-a-la-piscina-provincial","status":"publish","type":"post","link":"https:\/\/elcafedepipa.com\/index.php\/2024\/10\/03\/la-diputacio-de-castello-impulsa-les-energies-renovables-amb-216-plaques-fotovoltaiques-a-la-piscina-provincial\/","title":{"rendered":"La Diputaci\u00f3 de Castell\u00f3 impulsa les energies renovables amb 216 plaques fotovoltaiques a la Piscina Provincial"},"content":{"rendered":"\n<p><strong>L&#8217;actuaci\u00f3 s&#8217;emmarca en les accions impulsades dins del pla de transici\u00f3 energ\u00e8tica encaminades a fer de Castell\u00f3 una prov\u00edncia m\u00e9s eficient, m\u00e9s sostenible i amb millors recursos<\/strong><\/p>\n\n\n\n<p>La Diputaci\u00f3 Provincial de Castell\u00f3 ha anunciat la instal\u00b7laci\u00f3 de 216 plaques fotovoltaiques a la Piscina Provincial, una iniciativa que representa un gran avan\u00e7 en l&#8217;efici\u00e8ncia energ\u00e8tica.&nbsp;Aquesta&nbsp;inversi\u00f3 suposar\u00e0 un estalvi econ\u00f2mic notable, amb una reducci\u00f3 aproximada del 45% en la factura energ\u00e8tica, gr\u00e0cies a l&#8217;\u00fas dels panells solars i al canvi de contracte de la central de compres de la Diputaci\u00f3, que passar\u00e0 de preus fixos a preus indexats.<\/p>\n\n\n\n<p>A m\u00e9s de l&#8217;estalvi econ\u00f2mic,&nbsp;aquesta&nbsp;instal\u00b7laci\u00f3 permetr\u00e0 una millora significativa en l&#8217;efici\u00e8ncia energ\u00e8tica, amb una producci\u00f3 de 97,2&nbsp;Kwp.&nbsp;Aquesta&nbsp;actuaci\u00f3 s&#8217;emmarca dins del pla de transici\u00f3 energ\u00e8tica que busca fer de Castell\u00f3 una prov\u00edncia m\u00e9s sostenible i eficient.<\/p>\n\n\n\n<p>El diputat d&#8217;Enginyeria Interna, Jos\u00e9 Mar\u00eda&nbsp;Andr\u00e9s, ha destacat el comprom\u00eds de la Diputaci\u00f3 amb l&#8217;estalvi i l&#8217;\u00fas responsable de l&#8217;energia, subratllant la import\u00e0ncia de l&#8217;autoconsum d&#8217;energia el\u00e8ctrica en les instal\u00b7lacions p\u00fabliques per reduir la petjada de carboni.&nbsp;Andr\u00e9s&nbsp;ha assegurat que&nbsp;aquesta&nbsp;iniciativa suposar\u00e0 una reducci\u00f3 ambiental significativa per a la ciutat de Castell\u00f3 i un estalvi important per a la hisenda provincial.<\/p>\n\n\n\n<p>Amb la instal\u00b7laci\u00f3 de les 216 plaques fotovoltaiques de&nbsp;450Wp&nbsp;a la coberta de l&#8217;edifici principal, es preveu un estalvi del 20% d&#8217;energia, aix\u00ed com una millora de l&#8217;efici\u00e8ncia energ\u00e8tica i una disminuci\u00f3 de les emissions associades a la instal\u00b7laci\u00f3.&nbsp;Andr\u00e9s&nbsp;ha ressaltat que l&#8217;objectiu de la Diputaci\u00f3 \u00e9s instal\u00b7lar energies renovables d&#8217;autoconsum a totes les cobertes dels edificis municipals dels 135 municipis de la prov\u00edncia.<\/p>\n\n\n\n<p>Pla Resol<br>A m\u00e9s, la Diputaci\u00f3 de Castell\u00f3 ha adjudicat obres per a la instal\u00b7laci\u00f3 de plaques fotovoltaiques en 34 municipis de menys de 1.000 habitants, inclosos en el Pla Diputaci\u00f3 Resol.&nbsp;Andr\u00e9s&nbsp;ha manifestat que&nbsp;aquest&nbsp;pas \u00e9s \u201cmolt important\u201d per als municipis m\u00e9s petits, afirmant que l&#8217;equip de Govern est\u00e0 al costat dels pobles que m\u00e9s ho necessiten amb fets i accions concretes.<\/p>\n\n\n\n<p>Aquest&nbsp;pla de transici\u00f3 energ\u00e8tica permetr\u00e0 reduir la factura de la llum dels ajuntaments, la qual cosa facilitar\u00e0 que&nbsp;aquests&nbsp;puguen&nbsp;destinar els diners estalviats a altres \u00e0rees que beneficien directament els ciutadans. Les instal\u00b7lacions es duran a terme en espais municipals com consistoris, col\u00b7legis, locals socioculturals, piscines i instal\u00b7lacions esportives, promovent aix\u00ed un canvi cap a un model de consum energ\u00e8tic sostenible.<\/p>\n\n\n\n<p>Finalment, cal destacar que el pla de transici\u00f3 energ\u00e8tica \u00e9s un dels tres eixos d&#8217;actuaci\u00f3 de Diputaci\u00f3 Resol, que inclou tamb\u00e9 la contractaci\u00f3 centralitzada del subministrament el\u00e8ctric i el servei de gesti\u00f3 d&#8217;enllumenat p\u00fablic municipal, amb tecnologia de telegesti\u00f3&nbsp;Smartvillages&nbsp;per una gesti\u00f3 m\u00e9s eficient.<\/p>\n","protected":false},"excerpt":{"rendered":"<p>L&#8217;actuaci\u00f3 s&#8217;emmarca en les accions impulsades dins del pla de transici\u00f3 energ\u00e8tica encaminades a fer de Castell\u00f3 una prov\u00edncia m\u00e9s eficient, m\u00e9s sostenible i amb millors recursos La Diputaci\u00f3 Provincial de Castell\u00f3 ha anunciat la instal\u00b7laci\u00f3 de 216 plaques fotovoltaiques a la Piscina Provincial, una iniciativa que representa un gran avan\u00e7 en l&#8217;efici\u00e8ncia energ\u00e8tica.&nbsp;Aquesta&nbsp;inversi\u00f3 suposar\u00e0 &#8230; <a title=\"La Diputaci\u00f3 de Castell\u00f3 impulsa les energies renovables amb 216 plaques fotovoltaiques a la Piscina Provincial\" class=\"read-more\" href=\"https:\/\/elcafedepipa.com\/index.php\/2024\/10\/03\/la-diputacio-de-castello-impulsa-les-energies-renovables-amb-216-plaques-fotovoltaiques-a-la-piscina-provincial\/\" aria-label=\"M\u00e9s informaci\u00f3 sobre La Diputaci\u00f3 de Castell\u00f3 impulsa les energies renovables amb 216 plaques fotovoltaiques a la Piscina Provincial\">Read more<\/a><\/p>\n","protected":false},"author":2,"featured_media":0,"comment_status":"closed","ping_status":"closed","sticky":false,"template":"","format":"standard","meta":{"om_disable_all_campaigns":false,"_monsterinsights_skip_tracking":false,"_monsterinsights_sitenote_active":false,"_monsterinsights_sitenote_note":"","_monsterinsights_sitenote_category":0,"_uf_show_specific_survey":0,"_uf_disable_surveys":false,"footnotes":""},"categories":[10],"tags":[],"class_list":["post-6396","post","type-post","status-publish","format-standard","hentry","category-provinciadecastello"],"_links":{"self":[{"href":"https:\/\/elcafedepipa.com\/index.php\/wp-json\/wp\/v2\/posts\/6396","targetHints":{"allow":["GET"]}}],"collection":[{"href":"https:\/\/elcafedepipa.com\/index.php\/wp-json\/wp\/v2\/posts"}],"about":[{"href":"https:\/\/elcafedepipa.com\/index.php\/wp-json\/wp\/v2\/types\/post"}],"author":[{"embeddable":true,"href":"https:\/\/elcafedepipa.com\/index.php\/wp-json\/wp\/v2\/users\/2"}],"replies":[{"embeddable":true,"href":"https:\/\/elcafedepipa.com\/index.php\/wp-json\/wp\/v2\/comments?post=6396"}],"version-history":[{"count":0,"href":"https:\/\/elcafedepipa.com\/index.php\/wp-json\/wp\/v2\/posts\/6396\/revisions"}],"wp:attachment":[{"href":"https:\/\/elcafedepipa.com\/index.php\/wp-json\/wp\/v2\/media?parent=6396"}],"wp:term":[{"taxonomy":"category","embeddable":true,"href":"https:\/\/elcafedepipa.com\/index.php\/wp-json\/wp\/v2\/categories?post=6396"},{"taxonomy":"post_tag","embeddable":true,"href":"https:\/\/elcafedepipa.com\/index.php\/wp-json\/wp\/v2\/tags?post=6396"}],"curies":[{"name":"wp","href":"https:\/\/api.w.org\/{rel}","templated":true}]}}