{"id":6387,"date":"2024-10-03T13:19:56","date_gmt":"2024-10-03T11:19:56","guid":{"rendered":"https:\/\/elcafedepipa.com\/?p=6387"},"modified":"2024-10-03T13:19:59","modified_gmt":"2024-10-03T11:19:59","slug":"el-sindic-del-gpp-defensa-a-mazon-davant-sanchez-i-critica-al-psoe","status":"publish","type":"post","link":"https:\/\/elcafedepipa.com\/index.php\/2024\/10\/03\/el-sindic-del-gpp-defensa-a-mazon-davant-sanchez-i-critica-al-psoe\/","title":{"rendered":"El s\u00edndic del GPP defensa a Maz\u00f3n davant S\u00e1nchez i critica al PSOE"},"content":{"rendered":"\n<p><strong>\u201cEl PP des del primer dia est\u00e0 obert al di\u00e0leg, a l&#8217;enteniment i al consens\u201d<\/strong><\/p>\n\n\n\n<p>El s\u00edndic del Grup Parlamentari Popular (GPP),&nbsp;Juanfran&nbsp;P\u00e9rez Llorca, ha destacat que \u201cMaz\u00f3n \u00e9s un president solvent que no abaixar\u00e0 el cap davant S\u00e1nchez en defensa dels interessos dels valencians\u201d. P\u00e9rez ha lamentat la falta de suport del PSOE en la reuni\u00f3 que tindr\u00e0 lloc dem\u00e0.<\/p>\n\n\n\n<p>P\u00e9rez Llorca ha comentat sobre l&#8217;encontre entre el president de la Generalitat i S\u00e1nchez que \u201cara tenim un president que no s&#8217;amaga ni abaixa el cap. \u00c9s&nbsp;incongruent&nbsp;que el PSOE a la Comunitat Valenciana, que s&#8217;ha convertit en una delegaci\u00f3 del&nbsp;sanchisme, q\u00fcestione i&nbsp;critique&nbsp;que el president reivindique les necessitats dels valencians\u201d.<\/p>\n\n\n\n<p>\u201cEls demanem que reflexionen, que&nbsp;avantposen&nbsp;els interessos dels valencians als partidistes de Pedro S\u00e1nchez i Diana Morant, que&nbsp;rectifiquen, que s&#8217;unesquen&nbsp;i que&nbsp;tornen&nbsp;a entrar a la plataforma pel finan\u00e7ament per defensar els valencians. Seria important que Maz\u00f3n tingu\u00e9s dem\u00e0 el suport de totes les forces pol\u00edtiques de la Comunitat\u201d, ha afegit.<\/p>\n\n\n\n<p>El s\u00edndic popular ha indicat que \u201cel document amb 56 mesures lliurat als grups pel president Maz\u00f3n demostra que vol dialogar, parlar i est\u00e0 disposat a recollir propostes i aportacions. Per aix\u00f2 no s&#8217;ent\u00e9n el rebuig&nbsp;del PSOE a la justa reclamaci\u00f3 d&#8217;inversions i diners per a la nostra terra. Aix\u00f2 molesta a S\u00e1nchez i als socialistes valencians que nom\u00e9s atenen les directrius de S\u00e1nchez\u201d.<\/p>\n\n\n\n<p>Juanfran&nbsp;P\u00e9rez ha expressat la&nbsp;seua&nbsp;\u201cexpectativa de veure un president que reclama el que necessitem. Estem tranquils en&nbsp;aquest&nbsp;sentit perqu\u00e8 tenim un president solvent que no abaixar\u00e0 el cap. Tot i que, pel que fa al president d&#8217;Espanya, som m\u00e9s pessimistes perqu\u00e8 tots els espanyols sabem que&nbsp;mentix&nbsp;constantment. Volem que hi haja una Confer\u00e8ncia de presidents per parlar de finan\u00e7ament. \u00c9s una bona ocasi\u00f3 per establir data i lloc per a una q\u00fcesti\u00f3 molt important\u201d.<\/p>\n\n\n\n<p>Finalment,&nbsp;Juanfran&nbsp;P\u00e9rez ha assenyalat que \u201cel PP des del primer dia est\u00e0 obert al di\u00e0leg, a l&#8217;enteniment i al consens. \u00c9s molt m\u00e9s democr\u00e0tic el que fa Vox amb propostes en positiu que el que fa el PSOE amb la&nbsp;seua&nbsp;negativa a qualsevol acord per millorar la qualitat de vida dels valencians\u201d.<\/p>\n\n\n\n<p><\/p>\n","protected":false},"excerpt":{"rendered":"<p>\u201cEl PP des del primer dia est\u00e0 obert al di\u00e0leg, a l&#8217;enteniment i al consens\u201d El s\u00edndic del Grup Parlamentari Popular (GPP),&nbsp;Juanfran&nbsp;P\u00e9rez Llorca, ha destacat que \u201cMaz\u00f3n \u00e9s un president solvent que no abaixar\u00e0 el cap davant S\u00e1nchez en defensa dels interessos dels valencians\u201d. P\u00e9rez ha lamentat la falta de suport del PSOE en la &#8230; <a title=\"El s\u00edndic del GPP defensa a Maz\u00f3n davant S\u00e1nchez i critica al PSOE\" class=\"read-more\" href=\"https:\/\/elcafedepipa.com\/index.php\/2024\/10\/03\/el-sindic-del-gpp-defensa-a-mazon-davant-sanchez-i-critica-al-psoe\/\" aria-label=\"M\u00e9s informaci\u00f3 sobre El s\u00edndic del GPP defensa a Maz\u00f3n davant S\u00e1nchez i critica al PSOE\">Read more<\/a><\/p>\n","protected":false},"author":2,"featured_media":0,"comment_status":"closed","ping_status":"closed","sticky":false,"template":"","format":"standard","meta":{"om_disable_all_campaigns":false,"_monsterinsights_skip_tracking":false,"_monsterinsights_sitenote_active":false,"_monsterinsights_sitenote_note":"","_monsterinsights_sitenote_category":0,"_uf_show_specific_survey":0,"_uf_disable_surveys":false,"footnotes":""},"categories":[11],"tags":[],"class_list":["post-6387","post","type-post","status-publish","format-standard","hentry","category-comunitatvalenciana"],"_links":{"self":[{"href":"https:\/\/elcafedepipa.com\/index.php\/wp-json\/wp\/v2\/posts\/6387","targetHints":{"allow":["GET"]}}],"collection":[{"href":"https:\/\/elcafedepipa.com\/index.php\/wp-json\/wp\/v2\/posts"}],"about":[{"href":"https:\/\/elcafedepipa.com\/index.php\/wp-json\/wp\/v2\/types\/post"}],"author":[{"embeddable":true,"href":"https:\/\/elcafedepipa.com\/index.php\/wp-json\/wp\/v2\/users\/2"}],"replies":[{"embeddable":true,"href":"https:\/\/elcafedepipa.com\/index.php\/wp-json\/wp\/v2\/comments?post=6387"}],"version-history":[{"count":0,"href":"https:\/\/elcafedepipa.com\/index.php\/wp-json\/wp\/v2\/posts\/6387\/revisions"}],"wp:attachment":[{"href":"https:\/\/elcafedepipa.com\/index.php\/wp-json\/wp\/v2\/media?parent=6387"}],"wp:term":[{"taxonomy":"category","embeddable":true,"href":"https:\/\/elcafedepipa.com\/index.php\/wp-json\/wp\/v2\/categories?post=6387"},{"taxonomy":"post_tag","embeddable":true,"href":"https:\/\/elcafedepipa.com\/index.php\/wp-json\/wp\/v2\/tags?post=6387"}],"curies":[{"name":"wp","href":"https:\/\/api.w.org\/{rel}","templated":true}]}}