{"id":6303,"date":"2024-10-02T13:44:00","date_gmt":"2024-10-02T11:44:00","guid":{"rendered":"https:\/\/elcafedepipa.com\/?p=6303"},"modified":"2024-10-02T13:14:51","modified_gmt":"2024-10-02T11:14:51","slug":"podcast-la-vall-duixo-presenta-les-activitats-per-commemorar-el-9-doctubre","status":"publish","type":"post","link":"https:\/\/elcafedepipa.com\/index.php\/2024\/10\/02\/podcast-la-vall-duixo-presenta-les-activitats-per-commemorar-el-9-doctubre\/","title":{"rendered":"Podcast | La Vall d&#8217;Uix\u00f3 presenta les activitats per commemorar el 9 d&#8217;octubre"},"content":{"rendered":"\n<p><strong>\u00c0UDIO |<\/strong> El regidor de Cultura i Serveis Socials a l&#8217;Ajuntament de la Vall d&#8217;Uix\u00f3, Jorge Marqu\u00e9s, ens presenta totes les activitats que s&#8217;han organitzat per commemorar el 9 d&#8217;octubre, que comen\u00e7aran aquest divendres amb el sopar Estell\u00e9s i el concert de Pep Gimeno El Botifarra. Ens parla tamb\u00e9 de la Setmana de la Salut Mental.<\/p>\n\n\n\n<figure class=\"wp-block-audio\"><audio controls src=\"https:\/\/elcafedepipa.com\/wp-content\/uploads\/2024\/10\/jorge2oct.mp3\"><\/audio><\/figure>\n\n\n\n<p><\/p>\n","protected":false},"excerpt":{"rendered":"<p>\u00c0UDIO | El regidor de Cultura i Serveis Socials a l&#8217;Ajuntament de la Vall d&#8217;Uix\u00f3, Jorge Marqu\u00e9s, ens presenta totes les activitats que s&#8217;han organitzat per commemorar el 9 d&#8217;octubre, que comen\u00e7aran aquest divendres amb el sopar Estell\u00e9s i el concert de Pep Gimeno El Botifarra. Ens parla tamb\u00e9 de la Setmana de la Salut &#8230; <a title=\"Podcast | La Vall d&#8217;Uix\u00f3 presenta les activitats per commemorar el 9 d&#8217;octubre\" class=\"read-more\" href=\"https:\/\/elcafedepipa.com\/index.php\/2024\/10\/02\/podcast-la-vall-duixo-presenta-les-activitats-per-commemorar-el-9-doctubre\/\" aria-label=\"M\u00e9s informaci\u00f3 sobre Podcast | La Vall d&#8217;Uix\u00f3 presenta les activitats per commemorar el 9 d&#8217;octubre\">Read more<\/a><\/p>\n","protected":false},"author":2,"featured_media":0,"comment_status":"closed","ping_status":"closed","sticky":false,"template":"","format":"standard","meta":{"om_disable_all_campaigns":false,"_monsterinsights_skip_tracking":false,"_monsterinsights_sitenote_active":false,"_monsterinsights_sitenote_note":"","_monsterinsights_sitenote_category":0,"_uf_show_specific_survey":0,"_uf_disable_surveys":false,"footnotes":""},"categories":[2],"tags":[],"class_list":["post-6303","post","type-post","status-publish","format-standard","hentry","category-lavallduixo"],"_links":{"self":[{"href":"https:\/\/elcafedepipa.com\/index.php\/wp-json\/wp\/v2\/posts\/6303","targetHints":{"allow":["GET"]}}],"collection":[{"href":"https:\/\/elcafedepipa.com\/index.php\/wp-json\/wp\/v2\/posts"}],"about":[{"href":"https:\/\/elcafedepipa.com\/index.php\/wp-json\/wp\/v2\/types\/post"}],"author":[{"embeddable":true,"href":"https:\/\/elcafedepipa.com\/index.php\/wp-json\/wp\/v2\/users\/2"}],"replies":[{"embeddable":true,"href":"https:\/\/elcafedepipa.com\/index.php\/wp-json\/wp\/v2\/comments?post=6303"}],"version-history":[{"count":0,"href":"https:\/\/elcafedepipa.com\/index.php\/wp-json\/wp\/v2\/posts\/6303\/revisions"}],"wp:attachment":[{"href":"https:\/\/elcafedepipa.com\/index.php\/wp-json\/wp\/v2\/media?parent=6303"}],"wp:term":[{"taxonomy":"category","embeddable":true,"href":"https:\/\/elcafedepipa.com\/index.php\/wp-json\/wp\/v2\/categories?post=6303"},{"taxonomy":"post_tag","embeddable":true,"href":"https:\/\/elcafedepipa.com\/index.php\/wp-json\/wp\/v2\/tags?post=6303"}],"curies":[{"name":"wp","href":"https:\/\/api.w.org\/{rel}","templated":true}]}}