{"id":6289,"date":"2024-10-02T10:32:41","date_gmt":"2024-10-02T08:32:41","guid":{"rendered":"https:\/\/elcafedepipa.com\/?p=6289"},"modified":"2024-10-02T10:32:43","modified_gmt":"2024-10-02T08:32:43","slug":"nules-inicia-aquest-cap-de-setmana-les-festes-patronals-en-honor-a-la-mare-de-deu-de-la-soledat","status":"publish","type":"post","link":"https:\/\/elcafedepipa.com\/index.php\/2024\/10\/02\/nules-inicia-aquest-cap-de-setmana-les-festes-patronals-en-honor-a-la-mare-de-deu-de-la-soledat\/","title":{"rendered":"Nules inicia aquest cap de setmana les festes patronals en honor a la Mare de D\u00e9u de la Soledat"},"content":{"rendered":"\n<p><strong>Els actes festius tindran lloc els dies del 4 al 13 d\u2019octubre\u00a0<\/strong><\/p>\n\n\n\n<p>Aquest&nbsp;cap de setmana, Nules&nbsp;donar\u00e0 comen\u00e7ament&nbsp;a les seues festes patronals en honor a la Mare de D\u00e9u de la Soledat, inaugurades com \u00e9s tradici\u00f3 pels LXX Jocs Florals Vila de Nules, un esdeveniment cultural que marca l&#8217;inici dels festejos.<\/p>\n\n\n\n<p>A m\u00e9s del component cultural, les festes inclouen diverses jornades dedicades als bous al carrer. Una de les novetats d&#8217;enguany \u00e9s l&#8217;exhibici\u00f3 de &#8220;vaques en asfalt&#8221;, una activitat proposada per la Comissi\u00f3 del Bou, que tindr\u00e0 lloc el primer dissabte de festes. El cartell taur\u00ed compta amb sis bous, tres d&#8217;ells patrocinats per l&#8217;Ajuntament de Nules i altres tres per penyes locals com la Penya el 7, l&#8217;Esmor\u00e7ar&nbsp;del Bou i&nbsp;Jovens&nbsp;de l&#8217;Ermita. A m\u00e9s, hi haur\u00e0 exhibicions de vaques i la tradicional Nit Taurina el divendres 11 d&#8217;octubre, que tamb\u00e9 presenta novetats amb una exhibici\u00f3 de&nbsp;saltaors&nbsp;i vaques amb&nbsp;rodaors&nbsp;locals.<\/p>\n\n\n\n<p>La regidora de Festes, Blanca Silvestre, ha assenyalat que &#8220;s\u2019ha hagut de modificar la programaci\u00f3 taurina&nbsp;degut a&nbsp;la problem\u00e0tica de la malaltia de la llengua blava a Extremadura&#8221;.<\/p>\n\n\n\n<p>Els m\u00e9s menuts podran gaudir de diverses activitats infantils,&nbsp;incloent-hi&nbsp;el tradicional tancament amb carretons de bous, castells inflables, espectacles participatius i un musical familiar del Rei Lle\u00f3 al Local Multifuncional.<\/p>\n\n\n\n<p>El mes\u00f3 de la tapa&nbsp;continuar\u00e0 sent&nbsp;un punt de trobada, amb&nbsp;tardeos&nbsp;i m\u00fasica en directe, segons ha indicat Silvestre, qui ha destacat que l&#8217;ambient de germanor \u00e9s una aposta important per a les festes d&#8217;octubre.<\/p>\n\n\n\n<p><strong>Dia de la patrona<\/strong><\/p>\n\n\n\n<p>Diumenge, 13 d&#8217;octubre, es celebrar\u00e0 el dia de la Mare de D\u00e9u de la Soledat, amb actes religiosos com el trasllat de la imatge de la patrona, la missa, l&#8217;ofrena i la process\u00f3, on els nulers i nuleres podran demostrar el seu fervor.<\/p>\n\n\n\n<p>A m\u00e9s, la programaci\u00f3 inclou els actes commemoratius del 9 d&#8217;Octubre, Dia de la Comunitat Valenciana, i del 12 d&#8217;octubre, Dia de la Festa Nacional, amb&nbsp;l&#8217;hissada&nbsp;de la bandera a la rotonda de la pla\u00e7a del Pilar. Altres esdeveniments destacats seran la missa a la Resid\u00e8ncia Mare de D\u00e9u de la Soledat, la visita al Centre Respira i Alzheimer de Nules, la Nit d\u2019Albaes&nbsp;i la Nit de la Torr\u00e0.<\/p>\n\n\n\n<p>El Dia de les Paelles tamb\u00e9 es repetir\u00e0 despr\u00e9s de l&#8217;\u00e8xit de l&#8217;any passat, amb l&#8217;objectiu de consolidar&nbsp;aquesta&nbsp;activitat. Les discom\u00f2bils itinerants, que han demostrat ser eficaces per a minimitzar les mol\u00e8sties als ve\u00efns, tamb\u00e9 estaran presents durant les festes.<\/p>\n\n\n\n<p>Finalment, les festes es tancaran amb un concert tribut a Estopa, seguint la l\u00ednia dels concerts d&#8217;agost, amb l&#8217;objectiu d&#8217;atraure un p\u00fablic ampli de totes les edats, segons ha concl\u00f2s la regidora de Festes, Blanca Silvestre.<\/p>\n","protected":false},"excerpt":{"rendered":"<p>Els actes festius tindran lloc els dies del 4 al 13 d\u2019octubre\u00a0 Aquest&nbsp;cap de setmana, Nules&nbsp;donar\u00e0 comen\u00e7ament&nbsp;a les seues festes patronals en honor a la Mare de D\u00e9u de la Soledat, inaugurades com \u00e9s tradici\u00f3 pels LXX Jocs Florals Vila de Nules, un esdeveniment cultural que marca l&#8217;inici dels festejos. A m\u00e9s del component cultural, &#8230; <a title=\"Nules inicia aquest cap de setmana les festes patronals en honor a la Mare de D\u00e9u de la Soledat\" class=\"read-more\" href=\"https:\/\/elcafedepipa.com\/index.php\/2024\/10\/02\/nules-inicia-aquest-cap-de-setmana-les-festes-patronals-en-honor-a-la-mare-de-deu-de-la-soledat\/\" aria-label=\"M\u00e9s informaci\u00f3 sobre Nules inicia aquest cap de setmana les festes patronals en honor a la Mare de D\u00e9u de la Soledat\">Read more<\/a><\/p>\n","protected":false},"author":2,"featured_media":0,"comment_status":"closed","ping_status":"closed","sticky":false,"template":"","format":"standard","meta":{"om_disable_all_campaigns":false,"_monsterinsights_skip_tracking":false,"_monsterinsights_sitenote_active":false,"_monsterinsights_sitenote_note":"","_monsterinsights_sitenote_category":0,"_uf_show_specific_survey":0,"_uf_disable_surveys":false,"footnotes":""},"categories":[3],"tags":[],"class_list":["post-6289","post","type-post","status-publish","format-standard","hentry","category-nules"],"_links":{"self":[{"href":"https:\/\/elcafedepipa.com\/index.php\/wp-json\/wp\/v2\/posts\/6289","targetHints":{"allow":["GET"]}}],"collection":[{"href":"https:\/\/elcafedepipa.com\/index.php\/wp-json\/wp\/v2\/posts"}],"about":[{"href":"https:\/\/elcafedepipa.com\/index.php\/wp-json\/wp\/v2\/types\/post"}],"author":[{"embeddable":true,"href":"https:\/\/elcafedepipa.com\/index.php\/wp-json\/wp\/v2\/users\/2"}],"replies":[{"embeddable":true,"href":"https:\/\/elcafedepipa.com\/index.php\/wp-json\/wp\/v2\/comments?post=6289"}],"version-history":[{"count":0,"href":"https:\/\/elcafedepipa.com\/index.php\/wp-json\/wp\/v2\/posts\/6289\/revisions"}],"wp:attachment":[{"href":"https:\/\/elcafedepipa.com\/index.php\/wp-json\/wp\/v2\/media?parent=6289"}],"wp:term":[{"taxonomy":"category","embeddable":true,"href":"https:\/\/elcafedepipa.com\/index.php\/wp-json\/wp\/v2\/categories?post=6289"},{"taxonomy":"post_tag","embeddable":true,"href":"https:\/\/elcafedepipa.com\/index.php\/wp-json\/wp\/v2\/tags?post=6289"}],"curies":[{"name":"wp","href":"https:\/\/api.w.org\/{rel}","templated":true}]}}