{"id":6211,"date":"2024-10-01T12:33:31","date_gmt":"2024-10-01T10:33:31","guid":{"rendered":"https:\/\/elcafedepipa.com\/?p=6211"},"modified":"2024-10-01T12:33:34","modified_gmt":"2024-10-01T10:33:34","slug":"susana-ros-defensa-la-reduccio-de-la-jornada-laboral-a-375-hores-i-critica-el-bloqueig-destructiu-del-pp","status":"publish","type":"post","link":"https:\/\/elcafedepipa.com\/index.php\/2024\/10\/01\/susana-ros-defensa-la-reduccio-de-la-jornada-laboral-a-375-hores-i-critica-el-bloqueig-destructiu-del-pp\/","title":{"rendered":"Susana Ros defensa la reducci\u00f3 de la jornada laboral a 37,5 hores i critica el &#8220;bloqueig destructiu&#8221; del PP"},"content":{"rendered":"\n<p><strong>La diputada socialista lamenta que el \u201cradicalitzat\u201d Partit Popular de Feij\u00f3o segueix en la mateixa senda de frenar tots els avan\u00e7os en drets socials, com ja va fer amb l&#8217;SMI, les pensions i els permisos de paternitat<\/strong><\/p>\n\n\n\n<p>La diputada socialista al Congr\u00e9s per Castell\u00f3,&nbsp;Susana&nbsp;Ros, ha manifestat que \u00e9s \u201cimprescindible\u201d que la proposta del govern de Pedro S\u00e1nchez per a reduir la jornada laboral a 37,5 hores setmanals prospere, destacant que es tracta d&#8217;una mesura en favor de la conciliaci\u00f3 familiar. Ros ha defensat que&nbsp;aquesta&nbsp;iniciativa \u00e9s \u201cjusta i democr\u00e0tica\u201d i compta amb el suport d&#8217;una \u00e0mplia majoria social. A m\u00e9s, ha criticat al Partit Popular i al seu l\u00edder, Alberto N\u00fa\u00f1ez Feij\u00f3o, per iniciar una nova &#8220;guerra pol\u00edtica&#8221; amb l&#8217;\u00fanic objectiu de \u201cdesgastar al Govern m\u00e9s social de la hist\u00f2ria\u201d.<\/p>\n\n\n\n<p>Segons la diputada castellonenca,&nbsp;aquesta&nbsp;reducci\u00f3 de la jornada laboral beneficiar\u00e0 especialment les dones i els treballadors amb ocupacions prec\u00e0ries, encara que l&#8217;impacte positiu es notar\u00e0 en tota la classe treballadora. Ros ha afirmat que la mesura millorar\u00e0 la salut, el benestar, la productivitat i contribuir\u00e0 a la creaci\u00f3 d&#8217;ocupaci\u00f3. \u201cAquests&nbsp;beneficis no semblen importar a Feij\u00f3o i els seus seguidors, que una vegada m\u00e9s es posicionen en contra de qualsevol aven\u00e7 social, com ja ho van fer en el passat oposant-se a l&#8217;augment del Salari M\u00ednim Interprofessional (SMI), a la pujada de les pensions i a l&#8217;ampliaci\u00f3 dels permisos de maternitat i paternitat\u201d, ha subratllat.<\/p>\n\n\n\n<p>En&nbsp;aquest&nbsp;context, Ros ha criticat el &#8220;no pel no&#8221; del PP enfront de la conquesta de nous drets i ha instat el partit a abandonar la &#8220;senda destructiva&#8221; en la qual, segons ella, s&#8217;ha instal\u00b7lat sota el lideratge &#8220;radicalitzat i ultradret\u00e0&#8221; de Feij\u00f3o. \u201cSi la seua justificaci\u00f3 per votar en contra d\u2019aquesta&nbsp;mesura, que tamb\u00e9 refor\u00e7ar\u00e0 el dret a la desconnexi\u00f3 digital, \u00e9s que el mercat laboral es ressentir\u00e0, que busquen una altra excusa\u201d, ha afirmat Ros, concloent que \u201cel Partit Socialista ha demostrat que els nous drets no&nbsp;destrueixen&nbsp;ocupaci\u00f3, nom\u00e9s les \u00e0nsies del PP de tocar poder a qualsevol preu\u201d.<\/p>\n","protected":false},"excerpt":{"rendered":"<p>La diputada socialista lamenta que el \u201cradicalitzat\u201d Partit Popular de Feij\u00f3o segueix en la mateixa senda de frenar tots els avan\u00e7os en drets socials, com ja va fer amb l&#8217;SMI, les pensions i els permisos de paternitat La diputada socialista al Congr\u00e9s per Castell\u00f3,&nbsp;Susana&nbsp;Ros, ha manifestat que \u00e9s \u201cimprescindible\u201d que la proposta del govern de &#8230; <a title=\"Susana Ros defensa la reducci\u00f3 de la jornada laboral a 37,5 hores i critica el &#8220;bloqueig destructiu&#8221; del PP\" class=\"read-more\" href=\"https:\/\/elcafedepipa.com\/index.php\/2024\/10\/01\/susana-ros-defensa-la-reduccio-de-la-jornada-laboral-a-375-hores-i-critica-el-bloqueig-destructiu-del-pp\/\" aria-label=\"M\u00e9s informaci\u00f3 sobre Susana Ros defensa la reducci\u00f3 de la jornada laboral a 37,5 hores i critica el &#8220;bloqueig destructiu&#8221; del PP\">Read more<\/a><\/p>\n","protected":false},"author":2,"featured_media":0,"comment_status":"closed","ping_status":"closed","sticky":false,"template":"","format":"standard","meta":{"om_disable_all_campaigns":false,"_monsterinsights_skip_tracking":false,"_monsterinsights_sitenote_active":false,"_monsterinsights_sitenote_note":"","_monsterinsights_sitenote_category":0,"_uf_show_specific_survey":0,"_uf_disable_surveys":false,"footnotes":""},"categories":[11],"tags":[],"class_list":["post-6211","post","type-post","status-publish","format-standard","hentry","category-comunitatvalenciana"],"_links":{"self":[{"href":"https:\/\/elcafedepipa.com\/index.php\/wp-json\/wp\/v2\/posts\/6211","targetHints":{"allow":["GET"]}}],"collection":[{"href":"https:\/\/elcafedepipa.com\/index.php\/wp-json\/wp\/v2\/posts"}],"about":[{"href":"https:\/\/elcafedepipa.com\/index.php\/wp-json\/wp\/v2\/types\/post"}],"author":[{"embeddable":true,"href":"https:\/\/elcafedepipa.com\/index.php\/wp-json\/wp\/v2\/users\/2"}],"replies":[{"embeddable":true,"href":"https:\/\/elcafedepipa.com\/index.php\/wp-json\/wp\/v2\/comments?post=6211"}],"version-history":[{"count":0,"href":"https:\/\/elcafedepipa.com\/index.php\/wp-json\/wp\/v2\/posts\/6211\/revisions"}],"wp:attachment":[{"href":"https:\/\/elcafedepipa.com\/index.php\/wp-json\/wp\/v2\/media?parent=6211"}],"wp:term":[{"taxonomy":"category","embeddable":true,"href":"https:\/\/elcafedepipa.com\/index.php\/wp-json\/wp\/v2\/categories?post=6211"},{"taxonomy":"post_tag","embeddable":true,"href":"https:\/\/elcafedepipa.com\/index.php\/wp-json\/wp\/v2\/tags?post=6211"}],"curies":[{"name":"wp","href":"https:\/\/api.w.org\/{rel}","templated":true}]}}