{"id":6148,"date":"2024-09-30T13:57:24","date_gmt":"2024-09-30T11:57:24","guid":{"rendered":"https:\/\/elcafedepipa.com\/?p=6148"},"modified":"2024-09-30T13:57:26","modified_gmt":"2024-09-30T11:57:26","slug":"podcast-6-25-cafe-amb-augusto-callado","status":"publish","type":"post","link":"https:\/\/elcafedepipa.com\/index.php\/2024\/09\/30\/podcast-6-25-cafe-amb-augusto-callado\/","title":{"rendered":"Podcast | 6.25 Caf\u00e9 amb Augusto Callado"},"content":{"rendered":"\n<p><strong>\u00c0UDIO |<\/strong> Augusto Callado ens porta l&#8217;\u00faltima hora de la pretemporada del m\u00f3n del b\u00e0squet, aix\u00ed com un rep\u00e0s dels resultats dels partits dels diferents equips s\u00e9niors de la comarca.<\/p>\n\n\n\n<figure class=\"wp-block-audio\"><audio controls src=\"https:\/\/elcafedepipa.com\/wp-content\/uploads\/2024\/09\/augusto30s.mp3\"><\/audio><\/figure>\n","protected":false},"excerpt":{"rendered":"<p>\u00c0UDIO | Augusto Callado ens porta l&#8217;\u00faltima hora de la pretemporada del m\u00f3n del b\u00e0squet, aix\u00ed com un rep\u00e0s dels resultats dels partits dels diferents equips s\u00e9niors de la comarca.<\/p>\n","protected":false},"author":2,"featured_media":0,"comment_status":"closed","ping_status":"closed","sticky":false,"template":"","format":"standard","meta":{"om_disable_all_campaigns":false,"_monsterinsights_skip_tracking":false,"_monsterinsights_sitenote_active":false,"_monsterinsights_sitenote_note":"","_monsterinsights_sitenote_category":0,"_uf_show_specific_survey":0,"_uf_disable_surveys":false,"footnotes":""},"categories":[2,4,10],"tags":[],"class_list":["post-6148","post","type-post","status-publish","format-standard","hentry","category-lavallduixo","category-moncofa","category-provinciadecastello"],"_links":{"self":[{"href":"https:\/\/elcafedepipa.com\/index.php\/wp-json\/wp\/v2\/posts\/6148","targetHints":{"allow":["GET"]}}],"collection":[{"href":"https:\/\/elcafedepipa.com\/index.php\/wp-json\/wp\/v2\/posts"}],"about":[{"href":"https:\/\/elcafedepipa.com\/index.php\/wp-json\/wp\/v2\/types\/post"}],"author":[{"embeddable":true,"href":"https:\/\/elcafedepipa.com\/index.php\/wp-json\/wp\/v2\/users\/2"}],"replies":[{"embeddable":true,"href":"https:\/\/elcafedepipa.com\/index.php\/wp-json\/wp\/v2\/comments?post=6148"}],"version-history":[{"count":0,"href":"https:\/\/elcafedepipa.com\/index.php\/wp-json\/wp\/v2\/posts\/6148\/revisions"}],"wp:attachment":[{"href":"https:\/\/elcafedepipa.com\/index.php\/wp-json\/wp\/v2\/media?parent=6148"}],"wp:term":[{"taxonomy":"category","embeddable":true,"href":"https:\/\/elcafedepipa.com\/index.php\/wp-json\/wp\/v2\/categories?post=6148"},{"taxonomy":"post_tag","embeddable":true,"href":"https:\/\/elcafedepipa.com\/index.php\/wp-json\/wp\/v2\/tags?post=6148"}],"curies":[{"name":"wp","href":"https:\/\/api.w.org\/{rel}","templated":true}]}}