{"id":6132,"date":"2024-09-30T12:34:41","date_gmt":"2024-09-30T10:34:41","guid":{"rendered":"https:\/\/elcafedepipa.com\/?p=6132"},"modified":"2024-09-30T12:34:50","modified_gmt":"2024-09-30T10:34:50","slug":"candela-angles-assegura-que-el-consell-aposta-per-la-creacio-docupacio-per-combatre-la-despoblacio-en-les-zones-rurals","status":"publish","type":"post","link":"https:\/\/elcafedepipa.com\/index.php\/2024\/09\/30\/candela-angles-assegura-que-el-consell-aposta-per-la-creacio-docupacio-per-combatre-la-despoblacio-en-les-zones-rurals\/","title":{"rendered":"Candela Angl\u00e9s assegura que el Consell aposta per la creaci\u00f3 d&#8217;ocupaci\u00f3 per combatre la despoblaci\u00f3 en les zones rurals"},"content":{"rendered":"\n<p><strong>El Consell de Carlos Maz\u00f3n destinar\u00e0 quasi 11 milions d&#8217;euros dirigits a ajuntaments de menys de 2.000 habitants i mancomunitats<\/strong><\/p>\n\n\n\n<p>La portaveu d\u2019Ocupaci\u00f3 del Grup Popular en&nbsp;Les Corts, Candela Angl\u00e9s, ha destacat que &#8220;el govern del canvi ha apostat per la creaci\u00f3 d&#8217;ocupaci\u00f3 com una de les principals mesures per a la lluita contra la despoblaci\u00f3 en les zones rurals de la Comunitat Valenciana&#8221;.<\/p>\n\n\n\n<p>Mitjan\u00e7ant el pla &#8216;Oportunitats al teu Poble&#8217;, &#8220;el Consell de Carlos Maz\u00f3n destinar\u00e0 quasi 11 milions d&#8217;euros a ajuntaments de menys de 2.000 habitants i mancomunitats, amb els quals podran contractar persones desocupades&#8221;, ha avan\u00e7at Angl\u00e9s.<\/p>\n\n\n\n<p>La portaveu popular ha explicat que &#8220;quasi 300 ajuntaments i 60 mancomunitats es veuran beneficiats per&nbsp;aquestes&nbsp;ajudes, que tenen com a objectiu principal dinamitzar l&#8217;economia del nostre territori&#8221;.<\/p>\n\n\n\n<p>Candela Angl\u00e9s ha subratllat que &#8220;aquesta&nbsp;\u00e9s una mostra m\u00e9s del comprom\u00eds del president per crear ocupaci\u00f3 i oportunitats als nostres pobles, millorar les condicions de vida en l\u2019entorn rural i afavorir l&#8217;arrelament dels seus habitants&#8221;.<\/p>\n","protected":false},"excerpt":{"rendered":"<p>El Consell de Carlos Maz\u00f3n destinar\u00e0 quasi 11 milions d&#8217;euros dirigits a ajuntaments de menys de 2.000 habitants i mancomunitats La portaveu d\u2019Ocupaci\u00f3 del Grup Popular en&nbsp;Les Corts, Candela Angl\u00e9s, ha destacat que &#8220;el govern del canvi ha apostat per la creaci\u00f3 d&#8217;ocupaci\u00f3 com una de les principals mesures per a la lluita contra la &#8230; <a title=\"Candela Angl\u00e9s assegura que el Consell aposta per la creaci\u00f3 d&#8217;ocupaci\u00f3 per combatre la despoblaci\u00f3 en les zones rurals\" class=\"read-more\" href=\"https:\/\/elcafedepipa.com\/index.php\/2024\/09\/30\/candela-angles-assegura-que-el-consell-aposta-per-la-creacio-docupacio-per-combatre-la-despoblacio-en-les-zones-rurals\/\" aria-label=\"M\u00e9s informaci\u00f3 sobre Candela Angl\u00e9s assegura que el Consell aposta per la creaci\u00f3 d&#8217;ocupaci\u00f3 per combatre la despoblaci\u00f3 en les zones rurals\">Read more<\/a><\/p>\n","protected":false},"author":2,"featured_media":0,"comment_status":"closed","ping_status":"closed","sticky":false,"template":"","format":"standard","meta":{"om_disable_all_campaigns":false,"_monsterinsights_skip_tracking":false,"_monsterinsights_sitenote_active":false,"_monsterinsights_sitenote_note":"","_monsterinsights_sitenote_category":0,"_uf_show_specific_survey":0,"_uf_disable_surveys":false,"footnotes":""},"categories":[11],"tags":[],"class_list":["post-6132","post","type-post","status-publish","format-standard","hentry","category-comunitatvalenciana"],"_links":{"self":[{"href":"https:\/\/elcafedepipa.com\/index.php\/wp-json\/wp\/v2\/posts\/6132","targetHints":{"allow":["GET"]}}],"collection":[{"href":"https:\/\/elcafedepipa.com\/index.php\/wp-json\/wp\/v2\/posts"}],"about":[{"href":"https:\/\/elcafedepipa.com\/index.php\/wp-json\/wp\/v2\/types\/post"}],"author":[{"embeddable":true,"href":"https:\/\/elcafedepipa.com\/index.php\/wp-json\/wp\/v2\/users\/2"}],"replies":[{"embeddable":true,"href":"https:\/\/elcafedepipa.com\/index.php\/wp-json\/wp\/v2\/comments?post=6132"}],"version-history":[{"count":0,"href":"https:\/\/elcafedepipa.com\/index.php\/wp-json\/wp\/v2\/posts\/6132\/revisions"}],"wp:attachment":[{"href":"https:\/\/elcafedepipa.com\/index.php\/wp-json\/wp\/v2\/media?parent=6132"}],"wp:term":[{"taxonomy":"category","embeddable":true,"href":"https:\/\/elcafedepipa.com\/index.php\/wp-json\/wp\/v2\/categories?post=6132"},{"taxonomy":"post_tag","embeddable":true,"href":"https:\/\/elcafedepipa.com\/index.php\/wp-json\/wp\/v2\/tags?post=6132"}],"curies":[{"name":"wp","href":"https:\/\/api.w.org\/{rel}","templated":true}]}}