{"id":6114,"date":"2024-09-30T10:13:49","date_gmt":"2024-09-30T08:13:49","guid":{"rendered":"https:\/\/elcafedepipa.com\/?p=6114"},"modified":"2024-09-30T10:13:52","modified_gmt":"2024-09-30T08:13:52","slug":"nules-celebra-amb-exit-la-vii-trobada-gastronomica-intercultural","status":"publish","type":"post","link":"https:\/\/elcafedepipa.com\/index.php\/2024\/09\/30\/nules-celebra-amb-exit-la-vii-trobada-gastronomica-intercultural\/","title":{"rendered":"Nules celebra amb \u00e8xit la VII Trobada Gastron\u00f2mica Intercultural"},"content":{"rendered":"\n<p>Les nuleres i els nulers han pogut gaudir&nbsp;aquest&nbsp;cap de setmana de la gastronomia i les tradicions de les diferents nacionalitats que conviuen a Nules, gr\u00e0cies a la VII Trobada Gastron\u00f2mica Intercultural que s&#8217;ha celebrat al Local Multifuncional.<\/p>\n\n\n\n<p>Durant l&#8217;esdeveniment, les persones visitants han degustat plats t\u00edpics de pa\u00efsos com Marroc, Col\u00f2mbia, Argentina, Ucra\u00efna, Pakistan o Romania, a m\u00e9s de productes gastron\u00f2mics d&#8217;Espanya, que tamb\u00e9 ha estat representada.<\/p>\n\n\n\n<p>Des de la regidoria de Serveis Socials, el regidor&nbsp;Ram\u00f3n&nbsp;Mart\u00ednez ha destacat la gran participaci\u00f3 en&nbsp;aquesta&nbsp;edici\u00f3, afirmant que &#8220;s&#8217;ha complit un dels objectius d&#8217;aquest&nbsp;esdeveniment: con\u00e9ixer altres cultures que conviuen amb nosaltres, alhora que es potencia la integraci\u00f3 i el respecte a la diversitat&#8221;.<\/p>\n\n\n\n<p>La trobada ha estat organitzada pel departament de Serveis Socials de l&#8217;Ajuntament de Nules, a trav\u00e9s de l&#8217;Oficina d&#8217;Atenci\u00f3 a les Persones&nbsp;Migrades&nbsp;(PANGEA), que treballa per a la integraci\u00f3 de la poblaci\u00f3 migrant. A m\u00e9s, l&#8217;esdeveniment ha tingut un car\u00e0cter solidari, ja que la recaptaci\u00f3 obtinguda de la venda de tiquets es destinar\u00e0 a Creu Roja.<\/p>\n","protected":false},"excerpt":{"rendered":"<p>Les nuleres i els nulers han pogut gaudir&nbsp;aquest&nbsp;cap de setmana de la gastronomia i les tradicions de les diferents nacionalitats que conviuen a Nules, gr\u00e0cies a la VII Trobada Gastron\u00f2mica Intercultural que s&#8217;ha celebrat al Local Multifuncional. Durant l&#8217;esdeveniment, les persones visitants han degustat plats t\u00edpics de pa\u00efsos com Marroc, Col\u00f2mbia, Argentina, Ucra\u00efna, Pakistan o &#8230; <a title=\"Nules celebra amb \u00e8xit la VII Trobada Gastron\u00f2mica Intercultural\" class=\"read-more\" href=\"https:\/\/elcafedepipa.com\/index.php\/2024\/09\/30\/nules-celebra-amb-exit-la-vii-trobada-gastronomica-intercultural\/\" aria-label=\"M\u00e9s informaci\u00f3 sobre Nules celebra amb \u00e8xit la VII Trobada Gastron\u00f2mica Intercultural\">Read more<\/a><\/p>\n","protected":false},"author":2,"featured_media":0,"comment_status":"closed","ping_status":"closed","sticky":false,"template":"","format":"standard","meta":{"om_disable_all_campaigns":false,"_monsterinsights_skip_tracking":false,"_monsterinsights_sitenote_active":false,"_monsterinsights_sitenote_note":"","_monsterinsights_sitenote_category":0,"_uf_show_specific_survey":0,"_uf_disable_surveys":false,"footnotes":""},"categories":[3],"tags":[],"class_list":["post-6114","post","type-post","status-publish","format-standard","hentry","category-nules"],"_links":{"self":[{"href":"https:\/\/elcafedepipa.com\/index.php\/wp-json\/wp\/v2\/posts\/6114","targetHints":{"allow":["GET"]}}],"collection":[{"href":"https:\/\/elcafedepipa.com\/index.php\/wp-json\/wp\/v2\/posts"}],"about":[{"href":"https:\/\/elcafedepipa.com\/index.php\/wp-json\/wp\/v2\/types\/post"}],"author":[{"embeddable":true,"href":"https:\/\/elcafedepipa.com\/index.php\/wp-json\/wp\/v2\/users\/2"}],"replies":[{"embeddable":true,"href":"https:\/\/elcafedepipa.com\/index.php\/wp-json\/wp\/v2\/comments?post=6114"}],"version-history":[{"count":0,"href":"https:\/\/elcafedepipa.com\/index.php\/wp-json\/wp\/v2\/posts\/6114\/revisions"}],"wp:attachment":[{"href":"https:\/\/elcafedepipa.com\/index.php\/wp-json\/wp\/v2\/media?parent=6114"}],"wp:term":[{"taxonomy":"category","embeddable":true,"href":"https:\/\/elcafedepipa.com\/index.php\/wp-json\/wp\/v2\/categories?post=6114"},{"taxonomy":"post_tag","embeddable":true,"href":"https:\/\/elcafedepipa.com\/index.php\/wp-json\/wp\/v2\/tags?post=6114"}],"curies":[{"name":"wp","href":"https:\/\/api.w.org\/{rel}","templated":true}]}}