{"id":6110,"date":"2024-09-30T09:50:32","date_gmt":"2024-09-30T07:50:32","guid":{"rendered":"https:\/\/elcafedepipa.com\/?p=6110"},"modified":"2024-09-30T09:50:36","modified_gmt":"2024-09-30T07:50:36","slug":"alta-participacio-en-la-x-marxa-contra-el-cancer-esteban-esteve-esbri","status":"publish","type":"post","link":"https:\/\/elcafedepipa.com\/index.php\/2024\/09\/30\/alta-participacio-en-la-x-marxa-contra-el-cancer-esteban-esteve-esbri\/","title":{"rendered":"Alta participaci\u00f3 en la X Marxa Contra el C\u00e0ncer Esteban Esteve Esbr\u00ed"},"content":{"rendered":"\n<p>Ahir al mat\u00ed es va celebrar amb gran \u00e8xit la X Marxa Contra el C\u00e0ncer&nbsp;Esteban&nbsp;Esteve Esbr\u00ed, un esdeveniment solidari a benefici de l&#8217;Associaci\u00f3 Contra el C\u00e0ncer de la Vall d&#8217;Uix\u00f3. La marxa, organitzada en el marc de les festes del Roser, va comptar amb una nombrosa participaci\u00f3 de ve\u00efns i visitants, que es van sumar a la causa per a recolzar la lluita contra&nbsp;aquesta&nbsp;malaltia.<\/p>\n\n\n\n<p>La jornada va ser una mostra de solidaritat i comprom\u00eds de la comunitat, amb la finalitat de recaptar fons per a continuar donant suport a les persones afectades pel c\u00e0ncer i impulsar la investigaci\u00f3 i prevenci\u00f3. L&#8217;esdeveniment s&#8217;ha consolidat com una cita anual important dins de les festes del Roser, en homenatge a&nbsp;Esteban&nbsp;Esteve Esbr\u00ed i el seu llegat en la lluita contra&nbsp;aquesta&nbsp;malaltia.<\/p>\n","protected":false},"excerpt":{"rendered":"<p>Ahir al mat\u00ed es va celebrar amb gran \u00e8xit la X Marxa Contra el C\u00e0ncer&nbsp;Esteban&nbsp;Esteve Esbr\u00ed, un esdeveniment solidari a benefici de l&#8217;Associaci\u00f3 Contra el C\u00e0ncer de la Vall d&#8217;Uix\u00f3. La marxa, organitzada en el marc de les festes del Roser, va comptar amb una nombrosa participaci\u00f3 de ve\u00efns i visitants, que es van sumar &#8230; <a title=\"Alta participaci\u00f3 en la X Marxa Contra el C\u00e0ncer Esteban Esteve Esbr\u00ed\" class=\"read-more\" href=\"https:\/\/elcafedepipa.com\/index.php\/2024\/09\/30\/alta-participacio-en-la-x-marxa-contra-el-cancer-esteban-esteve-esbri\/\" aria-label=\"M\u00e9s informaci\u00f3 sobre Alta participaci\u00f3 en la X Marxa Contra el C\u00e0ncer Esteban Esteve Esbr\u00ed\">Read more<\/a><\/p>\n","protected":false},"author":2,"featured_media":0,"comment_status":"closed","ping_status":"closed","sticky":false,"template":"","format":"standard","meta":{"om_disable_all_campaigns":false,"_monsterinsights_skip_tracking":false,"_monsterinsights_sitenote_active":false,"_monsterinsights_sitenote_note":"","_monsterinsights_sitenote_category":0,"_uf_show_specific_survey":0,"_uf_disable_surveys":false,"footnotes":""},"categories":[2],"tags":[],"class_list":["post-6110","post","type-post","status-publish","format-standard","hentry","category-lavallduixo"],"_links":{"self":[{"href":"https:\/\/elcafedepipa.com\/index.php\/wp-json\/wp\/v2\/posts\/6110","targetHints":{"allow":["GET"]}}],"collection":[{"href":"https:\/\/elcafedepipa.com\/index.php\/wp-json\/wp\/v2\/posts"}],"about":[{"href":"https:\/\/elcafedepipa.com\/index.php\/wp-json\/wp\/v2\/types\/post"}],"author":[{"embeddable":true,"href":"https:\/\/elcafedepipa.com\/index.php\/wp-json\/wp\/v2\/users\/2"}],"replies":[{"embeddable":true,"href":"https:\/\/elcafedepipa.com\/index.php\/wp-json\/wp\/v2\/comments?post=6110"}],"version-history":[{"count":0,"href":"https:\/\/elcafedepipa.com\/index.php\/wp-json\/wp\/v2\/posts\/6110\/revisions"}],"wp:attachment":[{"href":"https:\/\/elcafedepipa.com\/index.php\/wp-json\/wp\/v2\/media?parent=6110"}],"wp:term":[{"taxonomy":"category","embeddable":true,"href":"https:\/\/elcafedepipa.com\/index.php\/wp-json\/wp\/v2\/categories?post=6110"},{"taxonomy":"post_tag","embeddable":true,"href":"https:\/\/elcafedepipa.com\/index.php\/wp-json\/wp\/v2\/tags?post=6110"}],"curies":[{"name":"wp","href":"https:\/\/api.w.org\/{rel}","templated":true}]}}