{"id":6079,"date":"2024-09-28T16:49:12","date_gmt":"2024-09-28T14:49:12","guid":{"rendered":"https:\/\/elcafedepipa.com\/?p=6079"},"modified":"2024-09-28T16:49:13","modified_gmt":"2024-09-28T14:49:13","slug":"el-major-control-contra-les-creixents-plagues-provoca-un-augment-dels-costos-als-citricultors-valencians-del-40","status":"publish","type":"post","link":"https:\/\/elcafedepipa.com\/index.php\/2024\/09\/28\/el-major-control-contra-les-creixents-plagues-provoca-un-augment-dels-costos-als-citricultors-valencians-del-40\/","title":{"rendered":"El major control contra les creixents plagues provoca un augment dels costos als citricultors valencians del 40%"},"content":{"rendered":"\n<p>El creixent control contra les plagues i malalties d&#8217;aquest \u00faltim any provoca ja un augment dels costos de producci\u00f3 del 40% als citricultors de la Comunitat Valenciana, segons les dades de la Uni\u00f3 Llauradora. D&#8217;un cost per fanecada de 395 euros s&#8217;ha passat en l&#8217;actualitat a 546 euros per a combatre entre altres plagues el cotonet de Sud-\u00e0frica, les aranyes asi\u00e0tica o roja i el m\u00e9s recent trips sud-afric\u00e0, tamb\u00e9 la necessitat de realitzar com a m\u00ednim fins a tres tractaments m\u00e9s per a combatre-les i la implementaci\u00f3 de lluita biol\u00f2gica mitjan\u00e7ant sistemes de solta de fauna \u00fatil.<\/p>\n\n\n\n<p>Precisament, la lluita contra les plagues i malalties, la major part d&#8217;elles importades, ha centrat la tem\u00e0tica de les IV Jornades Citr\u00edcoles de LA UNI\u00d3, celebrades aquest dijous i divendres en la localitat de Betx\u00ed, amb la participaci\u00f3 de destacats ponents i l&#8217;assist\u00e8ncia de m\u00e9s de 300 persones professionals de la citricultura de la Comunitat Valenciana i fins i tot d&#8217;altres zones productores.<\/p>\n\n\n\n<p>El destacat panell d&#8217;experts que ha participat en les jornades amb pon\u00e8ncies de gran inter\u00e9s ha destacat la necessitat de \u201ccontrolar en origen aquestes plagues i el tractament de fred com a eines eficaces per a previndre l&#8217;entrada d&#8217;una nova plaga, ja que despr\u00e9s en els Llocs d&#8217;Inspecci\u00f3 Fronterers (PIF) resulta molt dif\u00edcil el seu control com demostren els \u00faltims casos d&#8217;introducci\u00f3 en el nostre territori com el cotonet de Sud-\u00e0frica o el trips sud-afric\u00e0\u201d.<\/p>\n\n\n\n<p>Una vegada detectada i present la plaga en les explotacions citr\u00edcoles de la Comunitat Valenciana, els experts consideren que \u201ccal evitar l&#8217;alarma desmesurada i actuar atenent el consell dels t\u00e8cnics quan el control siga m\u00e9s efectiu que \u00e9s a la primavera i en aquests primers inicis mitjan\u00e7ant lluita qu\u00edmica\u201d. Una altra conclusi\u00f3 important en aquestes IV Jornades \u00e9s la reclamaci\u00f3 de m\u00e9s inversi\u00f3 en prospecci\u00f3 i investigaci\u00f3 en sanitat vegetal per part de les Administracions (Conselleria i Ministeri d&#8217;Agricultura).<\/p>\n\n\n\n<p>El trips sud-afric\u00e0 \u00e9s l&#8217;\u00faltima de les plagues a irrompre en la Comunitat Valenciana i ho ha fet amb una expansi\u00f3 molt r\u00e0pida. Detectada al juny d&#8217;enguany a les comarques alacantines de la Vega Baja i el Vinalop\u00f3, ja \u00e9s present aquest mes de setembre en 136 municipis de 15 comarques de la Comunitat Valenciana. A la prov\u00edncia de Val\u00e8ncia s&#8217;ha detectat en 9 comarques (Camp de Morvedre, Camp de T\u00faria, Horta Nord, Horta Sud, la Costera, Ribera Alta, Ribera Baixa i la Safor), en la d&#8217;Alacant en 5 (Vega Baja, Baix Vinalop\u00f3, l&#8217;Alacant\u00ed, Marina Alta i Marina Baixa) i en la de Castell\u00f3 en 2 (Plana Baixa i Plana Baixa). Es tracta d&#8217;un trips molt pol\u00edfag el que dificulta el seu maneig i afecta de moment en la Comunitat Valenciana a totes les esp\u00e8cies de c\u00edtrics, al caqui, magraner i al ra\u00efm de taula. Causa deformacions importants en la fulla i la fruita.<\/p>\n\n\n\n<p>Les jornades de LA UNI\u00d3 han comptat amb la col\u00b7laboraci\u00f3 de la Conselleria d&#8217;Agricultura, Junta de Andalucia, Institut Valenci\u00e0 d&#8217;Investigacions Agr\u00e0ries (IVIA), Ajuntament de Betx\u00ed i la col\u00b7laboraci\u00f3 de Sando Clementine.<\/p>\n\n\n\n<p>Els avan\u00e7os en la prevenci\u00f3 i control del HLB, la gesti\u00f3 d&#8217;esp\u00e8cies de mosques blanques, la lluita contra diferents tipus d&#8217;\u00e0cars, la pres\u00e8ncia del trips Scirthotrips aurantii (trips sud-afric\u00e0) en la Comunitat Valenciana o la situaci\u00f3 de l&#8217;an\u00e0lisi del control i danys del trips sud-afric\u00e0 a Andalusia, s&#8217;han tractat al llarg d&#8217;aquests dos dies de jornada.<\/p>\n\n\n\n<p>Per\u00f2 no sols les plagues han centrat l&#8217;activitat d&#8217;aquestes IV Jornades Citr\u00edcola de la Uni\u00f3 Llauradora. Tamb\u00e9 s&#8217;han presentat pon\u00e8ncies sobre les taronges pigmentades d\u2019Anecoop, la mandarina primerenca Early Pride i les noves varietats protegides de mandarines o patrons de l&#8217;IVIA. Aix\u00ed mateix s&#8217;ha parlat sobre els tractaments per a millorar el quallat en condicions adverses per altes temperatures o els tractaments de camp per a allargar la vida comercial en postcollita de c\u00edtrics. De la mateixa manera s&#8217;ha informat sobre la innovaci\u00f3 i intensificaci\u00f3 sostenible, de la nutrici\u00f3 i fertilitzaci\u00f3 del s\u00f2l i de l&#8217;optimitzaci\u00f3 del reg en c\u00edtrics.<\/p>\n","protected":false},"excerpt":{"rendered":"<p>El creixent control contra les plagues i malalties d&#8217;aquest \u00faltim any provoca ja un augment dels costos de producci\u00f3 del 40% als citricultors de la Comunitat Valenciana, segons les dades de la Uni\u00f3 Llauradora. D&#8217;un cost per fanecada de 395 euros s&#8217;ha passat en l&#8217;actualitat a 546 euros per a combatre entre altres plagues el &#8230; <a title=\"El major control contra les creixents plagues provoca un augment dels costos als citricultors valencians del 40%\" class=\"read-more\" href=\"https:\/\/elcafedepipa.com\/index.php\/2024\/09\/28\/el-major-control-contra-les-creixents-plagues-provoca-un-augment-dels-costos-als-citricultors-valencians-del-40\/\" aria-label=\"M\u00e9s informaci\u00f3 sobre El major control contra les creixents plagues provoca un augment dels costos als citricultors valencians del 40%\">Read more<\/a><\/p>\n","protected":false},"author":2,"featured_media":0,"comment_status":"closed","ping_status":"closed","sticky":false,"template":"","format":"standard","meta":{"om_disable_all_campaigns":false,"_monsterinsights_skip_tracking":false,"_monsterinsights_sitenote_active":false,"_monsterinsights_sitenote_note":"","_monsterinsights_sitenote_category":0,"_uf_show_specific_survey":0,"_uf_disable_surveys":false,"footnotes":""},"categories":[10],"tags":[],"class_list":["post-6079","post","type-post","status-publish","format-standard","hentry","category-provinciadecastello"],"_links":{"self":[{"href":"https:\/\/elcafedepipa.com\/index.php\/wp-json\/wp\/v2\/posts\/6079","targetHints":{"allow":["GET"]}}],"collection":[{"href":"https:\/\/elcafedepipa.com\/index.php\/wp-json\/wp\/v2\/posts"}],"about":[{"href":"https:\/\/elcafedepipa.com\/index.php\/wp-json\/wp\/v2\/types\/post"}],"author":[{"embeddable":true,"href":"https:\/\/elcafedepipa.com\/index.php\/wp-json\/wp\/v2\/users\/2"}],"replies":[{"embeddable":true,"href":"https:\/\/elcafedepipa.com\/index.php\/wp-json\/wp\/v2\/comments?post=6079"}],"version-history":[{"count":0,"href":"https:\/\/elcafedepipa.com\/index.php\/wp-json\/wp\/v2\/posts\/6079\/revisions"}],"wp:attachment":[{"href":"https:\/\/elcafedepipa.com\/index.php\/wp-json\/wp\/v2\/media?parent=6079"}],"wp:term":[{"taxonomy":"category","embeddable":true,"href":"https:\/\/elcafedepipa.com\/index.php\/wp-json\/wp\/v2\/categories?post=6079"},{"taxonomy":"post_tag","embeddable":true,"href":"https:\/\/elcafedepipa.com\/index.php\/wp-json\/wp\/v2\/tags?post=6079"}],"curies":[{"name":"wp","href":"https:\/\/api.w.org\/{rel}","templated":true}]}}