{"id":6060,"date":"2024-09-28T11:27:49","date_gmt":"2024-09-28T09:27:49","guid":{"rendered":"https:\/\/elcafedepipa.com\/?p=6060"},"modified":"2024-09-28T11:28:01","modified_gmt":"2024-09-28T09:28:01","slug":"tirig-acull-el-primer-dia-de-la-provincia-itinerant","status":"publish","type":"post","link":"https:\/\/elcafedepipa.com\/index.php\/2024\/09\/28\/tirig-acull-el-primer-dia-de-la-provincia-itinerant\/","title":{"rendered":"T\u00edrig acull el primer Dia de la Prov\u00edncia itinerant"},"content":{"rendered":"\n<p>La for\u00e7a del talent de Vicente Traver Calzada; la for\u00e7a del coratge de la Penyagolosa Trails; la for\u00e7a de la determinaci\u00f3 de la Fundaci\u00f3 Hospital Provincial; la for\u00e7a de la superaci\u00f3 de la C\u00e0tedra d&#8217;Activitat F\u00edsica i Oncologia; la for\u00e7a de l&#8217;art del Museu de la Valltorta. Cinc hist\u00f2ries, cinc noms, cinc llegats, cinc motius per a estar orgullosos de ser de Castell\u00f3\u201d. Aix\u00ed s&#8217;ha dirigit la presidenta de la Diputaci\u00f3 Provincial de Castell\u00f3 als qui hui, 27 de setembre, Dia de la Prov\u00edncia, han sigut distingits en l&#8217;esdeveniment que, per primera vegada, s&#8217;ha celebrat de manera itinerant, a T\u00edrig, i ha tornat als or\u00edgens de l&#8217;emblema d&#8217;estos guardons, l&#8217;Arquer de la Valltorta.<\/p>\n\n\n\n<p>La pla\u00e7a de la Generalitat de T\u00edrig ha sigut l&#8217;escenari que ha acollit l&#8217;acte en el qual \u201cens reunim per a recordar als nostres predecessors que els seus esfor\u00e7os no van anar en va, i per a ensenyar als qui ens succeiran que, des dels camins fins a les platges, des de les muntanyes fins a les ciutats, des del cor de cada castellonenc fins al cor de la nostra terra, trobem una infinitat de raons per a parlar de Castell\u00f3 i de la nostra gent amb orgull i passi\u00f3\u201d, ha expressat la presidenta de la Diputaci\u00f3 Provincial.<\/p>\n\n\n\n<figure class=\"wp-block-image size-full\"><img decoding=\"async\" src=\"https:\/\/elcafedepipa.com\/wp-content\/uploads\/2024\/09\/512-355-max.jpg\" alt=\"\" class=\"wp-image-6063\"\/><\/figure>\n\n\n\n<p>Durant el seu discurs, Barrachina ha fet un viatge al passat \u201cper a observar el present i per a saber cap a on anem\u201d. I en eixe viatge, la primera parada realitzada ha sigut el Barranc de la Valltorta, on \u201cvivien els nostres avantpassats, homes i dones que van trobar en estes terres, la seua casa\u201d. \u201cElls, no tenien paraules escrites per a contar les seues hist\u00f2ries, per\u00f2 si que posse\u00efen un llenguatge universal que ressonava amb for\u00e7a: l&#8217;art\u201d. I \u00e9s ac\u00ed, en eixe espai situat a T\u00edrig on va n\u00e0ixer la figura de l&#8217;Arquer de la Valltorta i que, com ha definit Marta Barrachina, \u201c\u00e9s un fragment de vida capturat en el temps, \u00e9s una hist\u00f2ria de talent, coratge, determinaci\u00f3, for\u00e7a i art\u201d.I eixos mateixos adjectius s\u00f3n als quals la presidenta de la Diputaci\u00f3 de Castell\u00f3 s&#8217;ha dirigit a cadascun dels guardonats.<\/p>\n\n\n\n<p>A m\u00e9s d&#8217;estes cinc distincions, la Diputaci\u00f3 de Castell\u00f3 ha concedit per primera vegada medalles de bronze en el Dia de la Prov\u00edncia, reconeixent amb esta distinci\u00f3 a Uni\u00f3n de Mutuas en el seu vint\u00e9 aniversari, i a la Mare de D\u00e9u del Lled\u00f3 pel centenari de la seua coronaci\u00f3.A tots els premiats, la presidenta de la Diputaci\u00f3 s&#8217;ha dirigit expressant que, \u201ccom a l\u2019Arquer de la Valltorta que va tra\u00e7ar la seua fletxa cap a l&#8217;infinit, cadascun de vosaltres heu deixat una petjada inesborrable en la hist\u00f2ria, heu forjat un llegat de valentia, de creativitat i d&#8217;esperan\u00e7a que ens inspira a tots\u201d.<\/p>\n\n\n\n<figure class=\"wp-block-image size-full\"><img decoding=\"async\" src=\"https:\/\/elcafedepipa.com\/wp-content\/uploads\/2024\/09\/512-341-max-1.jpg\" alt=\"\" class=\"wp-image-6064\"\/><\/figure>\n\n\n\n<p>Per part seua, Vicente Traver Calzada, en nom propi i en el de tots els premiats, ha indicat que els que relaciona a tots els guardonats \u201c\u00e9s el desig d&#8217;aportar alguna cosa a la conviv\u00e8ncia i el benestar de la nostra comunitat i \u00e9s en nom de l&#8217;esfor\u00e7 compartit per aconseguir-lo\u201d.<\/p>\n\n\n\n<p>La presidenta de la Diputaci\u00f3 de Castell\u00f3 tamb\u00e9 s&#8217;ha dirigit al conjunt de la prov\u00edncia, a tots els seus ciutadans, \u201ctots amb objectius comuns: entendre&#8217;s, cooperar i salvar les dist\u00e0ncies per a poder avan\u00e7ar\u201d. I \u00e9s a tots ells, als 135 municipis i als m\u00e9s de 600.000 cors, \u201cpels quals este equip de govern es deixa la pell cada dia. Des de la capital al poble m\u00e9s xicotet. Des de qui pot gaudir de l&#8217;experi\u00e8ncia acumulada al qual ens il\u00b7lumina el somriure amb el seu primer plor. I continuarem treballant per tots, portant l&#8217;honestedat, la vocaci\u00f3 de servei p\u00fablic i l&#8217;orgull de prov\u00edncia com a bandera\u201d.<\/p>\n\n\n\n<p>La m\u00e0xima representant de la instituci\u00f3 provincial ha afegit que \u201chui, m\u00e9s que mai, sentim en les nostres venes el comprom\u00eds de ser dignes guardians d&#8217;este llegat\u201d. \u201cPerqu\u00e8 Castell\u00f3 no \u00e9s nom\u00e9s una terra, \u00e9s un sentiment que no baixa el cap, que s&#8217;al\u00e7a una vegada i una altra, que mira cap al futur sense oblidar mai la seua hist\u00f2ria\u201d.<\/p>\n\n\n\n<p><\/p>\n","protected":false},"excerpt":{"rendered":"<p>La for\u00e7a del talent de Vicente Traver Calzada; la for\u00e7a del coratge de la Penyagolosa Trails; la for\u00e7a de la determinaci\u00f3 de la Fundaci\u00f3 Hospital Provincial; la for\u00e7a de la superaci\u00f3 de la C\u00e0tedra d&#8217;Activitat F\u00edsica i Oncologia; la for\u00e7a de l&#8217;art del Museu de la Valltorta. Cinc hist\u00f2ries, cinc noms, cinc llegats, cinc motius &#8230; <a title=\"T\u00edrig acull el primer Dia de la Prov\u00edncia itinerant\" class=\"read-more\" href=\"https:\/\/elcafedepipa.com\/index.php\/2024\/09\/28\/tirig-acull-el-primer-dia-de-la-provincia-itinerant\/\" aria-label=\"M\u00e9s informaci\u00f3 sobre T\u00edrig acull el primer Dia de la Prov\u00edncia itinerant\">Read more<\/a><\/p>\n","protected":false},"author":2,"featured_media":0,"comment_status":"closed","ping_status":"closed","sticky":false,"template":"","format":"standard","meta":{"om_disable_all_campaigns":false,"_monsterinsights_skip_tracking":false,"_monsterinsights_sitenote_active":false,"_monsterinsights_sitenote_note":"","_monsterinsights_sitenote_category":0,"_uf_show_specific_survey":0,"_uf_disable_surveys":false,"footnotes":""},"categories":[10],"tags":[],"class_list":["post-6060","post","type-post","status-publish","format-standard","hentry","category-provinciadecastello"],"_links":{"self":[{"href":"https:\/\/elcafedepipa.com\/index.php\/wp-json\/wp\/v2\/posts\/6060","targetHints":{"allow":["GET"]}}],"collection":[{"href":"https:\/\/elcafedepipa.com\/index.php\/wp-json\/wp\/v2\/posts"}],"about":[{"href":"https:\/\/elcafedepipa.com\/index.php\/wp-json\/wp\/v2\/types\/post"}],"author":[{"embeddable":true,"href":"https:\/\/elcafedepipa.com\/index.php\/wp-json\/wp\/v2\/users\/2"}],"replies":[{"embeddable":true,"href":"https:\/\/elcafedepipa.com\/index.php\/wp-json\/wp\/v2\/comments?post=6060"}],"version-history":[{"count":0,"href":"https:\/\/elcafedepipa.com\/index.php\/wp-json\/wp\/v2\/posts\/6060\/revisions"}],"wp:attachment":[{"href":"https:\/\/elcafedepipa.com\/index.php\/wp-json\/wp\/v2\/media?parent=6060"}],"wp:term":[{"taxonomy":"category","embeddable":true,"href":"https:\/\/elcafedepipa.com\/index.php\/wp-json\/wp\/v2\/categories?post=6060"},{"taxonomy":"post_tag","embeddable":true,"href":"https:\/\/elcafedepipa.com\/index.php\/wp-json\/wp\/v2\/tags?post=6060"}],"curies":[{"name":"wp","href":"https:\/\/api.w.org\/{rel}","templated":true}]}}