{"id":6016,"date":"2024-09-29T08:30:00","date_gmt":"2024-09-29T06:30:00","guid":{"rendered":"https:\/\/elcafedepipa.com\/?p=6016"},"modified":"2024-09-27T09:04:19","modified_gmt":"2024-09-27T07:04:19","slug":"el-pspv-reivindica-a-orpesa-la-construccio-de-la-residencia-per-a-majors-compromesa-pel-consell-de-ximo-puig","status":"publish","type":"post","link":"https:\/\/elcafedepipa.com\/index.php\/2024\/09\/29\/el-pspv-reivindica-a-orpesa-la-construccio-de-la-residencia-per-a-majors-compromesa-pel-consell-de-ximo-puig\/","title":{"rendered":"El PSPV reivindica a Orpesa la construcci\u00f3 de la resid\u00e8ncia per a majors compromesa pel Consell de Ximo Puig"},"content":{"rendered":"\n<p><strong>En una visita als terrenys la portaveu, Maria Jim\u00e9nez, la diputada Silvia G\u00f3mez i la regidora Micaela Berm\u00fadez denuncien que l&#8217;alcaldessa d&#8217;Orpesa &#8220;no est\u00e0 permetent que la resid\u00e8ncia avance&#8221;, deixant als majors del municipi sense l&#8217;equipament prom\u00e9s i &#8220;en el qual tant es va treballar la legislatura anterior&#8221;<\/strong><\/p>\n\n\n\n<p>El PSPV ha reivindicat&nbsp;aquesta&nbsp;setmana a Orpesa la construcci\u00f3 de la resid\u00e8ncia per a majors compromesa pel Consell de Ximo Puig durant la legislatura anterior. En una visita als terrenys on hauria d&#8217;ubicar-se la futura instal\u00b7laci\u00f3, la portaveu socialista,&nbsp;Mar\u00eda&nbsp;Jim\u00e9nez, acompanyada per la diputada auton\u00f2mica&nbsp;Silvia&nbsp;G\u00f3mez i la regidora Micaela Berm\u00fadez, han denunciat que tant l&#8217;Ajuntament, liderat per Araceli de&nbsp;Moya, com el Partit Popular de Rafael Albert i Carlos Maz\u00f3n, han abandonat el projecte i &#8220;no saben res ni estan movent un dit per&nbsp;aquesta&nbsp;infraestructura&#8221;.<\/p>\n\n\n\n<p>Jim\u00e9nez ha acusat directament l&#8217;alcaldessa i el tinent d&#8217;alcalde, Rafael Albert, de no haver respost als requeriments de la Generalitat, la qual cosa est\u00e0 impedint que la resid\u00e8ncia avance. &#8220;Estan deixant als majors del municipi sense l&#8217;equipament prom\u00e9s i pel qual tant es va treballar durant la legislatura anterior&#8221;, ha lamentat.<\/p>\n\n\n\n<p>La socialista ha recordat que, despr\u00e9s de m\u00e9s de dues d\u00e8cades en qu\u00e8 &#8220;el PP local, amb Albert com a alcalde, va vendre fum als ve\u00efns prometent l&#8217;asil elecci\u00f3 rere elecci\u00f3&#8221;, no va ser fins a 2019, amb l&#8217;arribada del PSPV al govern d&#8217;Orpesa, quan es van iniciar els tr\u00e0mits per a portar la resid\u00e8ncia al municipi. &#8220;En 2021, la Conselleria va incloure la resid\u00e8ncia dins del Pla Convivint i es van adquirir els terrenys per un valor d&#8217;1,2 milions d&#8217;euros, i en 2022 es va sol\u00b7licitar la delegaci\u00f3 de compet\u00e8ncies per a poder comen\u00e7ar les obres&#8221;, ha explicat Jim\u00e9nez.<\/p>\n\n\n\n<p>Per la seua part, la diputada auton\u00f2mica&nbsp;Silvia&nbsp;G\u00f3mez ha denunciat que &#8220;s\u00f3n molts anys de promeses incomplides amb Orpesa&#8221;. A m\u00e9s a m\u00e9s, ha destacat que &#8220;l&#8217;\u00fanica cosa que sabem fins ara \u00e9s que el PP de Maz\u00f3n i la consellera&nbsp;Camarero&nbsp;han eliminat el Pla Convivint, deixant en l&#8217;aire desenes d&#8217;infraestructures sociosanit\u00e0ries per a la tercera edat a la nostra prov\u00edncia&#8221;.<\/p>\n\n\n\n<p>Finalment, Jim\u00e9nez i G\u00f3mez han reclamat que es reprenga immediatament el projecte de la resid\u00e8ncia i han insistit en la necessitat que el PP done explicacions sobre la paralitzaci\u00f3 d&#8217;aquest&nbsp;equipament essencial per al benestar dels majors del municipi.<\/p>\n","protected":false},"excerpt":{"rendered":"<p>En una visita als terrenys la portaveu, Maria Jim\u00e9nez, la diputada Silvia G\u00f3mez i la regidora Micaela Berm\u00fadez denuncien que l&#8217;alcaldessa d&#8217;Orpesa &#8220;no est\u00e0 permetent que la resid\u00e8ncia avance&#8221;, deixant als majors del municipi sense l&#8217;equipament prom\u00e9s i &#8220;en el qual tant es va treballar la legislatura anterior&#8221; El PSPV ha reivindicat&nbsp;aquesta&nbsp;setmana a Orpesa la &#8230; <a title=\"El PSPV reivindica a Orpesa la construcci\u00f3 de la resid\u00e8ncia per a majors compromesa pel Consell de Ximo Puig\" class=\"read-more\" href=\"https:\/\/elcafedepipa.com\/index.php\/2024\/09\/29\/el-pspv-reivindica-a-orpesa-la-construccio-de-la-residencia-per-a-majors-compromesa-pel-consell-de-ximo-puig\/\" aria-label=\"M\u00e9s informaci\u00f3 sobre El PSPV reivindica a Orpesa la construcci\u00f3 de la resid\u00e8ncia per a majors compromesa pel Consell de Ximo Puig\">Read more<\/a><\/p>\n","protected":false},"author":2,"featured_media":0,"comment_status":"closed","ping_status":"closed","sticky":false,"template":"","format":"standard","meta":{"om_disable_all_campaigns":false,"_monsterinsights_skip_tracking":false,"_monsterinsights_sitenote_active":false,"_monsterinsights_sitenote_note":"","_monsterinsights_sitenote_category":0,"_uf_show_specific_survey":0,"_uf_disable_surveys":false,"footnotes":""},"categories":[10],"tags":[],"class_list":["post-6016","post","type-post","status-publish","format-standard","hentry","category-provinciadecastello"],"_links":{"self":[{"href":"https:\/\/elcafedepipa.com\/index.php\/wp-json\/wp\/v2\/posts\/6016","targetHints":{"allow":["GET"]}}],"collection":[{"href":"https:\/\/elcafedepipa.com\/index.php\/wp-json\/wp\/v2\/posts"}],"about":[{"href":"https:\/\/elcafedepipa.com\/index.php\/wp-json\/wp\/v2\/types\/post"}],"author":[{"embeddable":true,"href":"https:\/\/elcafedepipa.com\/index.php\/wp-json\/wp\/v2\/users\/2"}],"replies":[{"embeddable":true,"href":"https:\/\/elcafedepipa.com\/index.php\/wp-json\/wp\/v2\/comments?post=6016"}],"version-history":[{"count":0,"href":"https:\/\/elcafedepipa.com\/index.php\/wp-json\/wp\/v2\/posts\/6016\/revisions"}],"wp:attachment":[{"href":"https:\/\/elcafedepipa.com\/index.php\/wp-json\/wp\/v2\/media?parent=6016"}],"wp:term":[{"taxonomy":"category","embeddable":true,"href":"https:\/\/elcafedepipa.com\/index.php\/wp-json\/wp\/v2\/categories?post=6016"},{"taxonomy":"post_tag","embeddable":true,"href":"https:\/\/elcafedepipa.com\/index.php\/wp-json\/wp\/v2\/tags?post=6016"}],"curies":[{"name":"wp","href":"https:\/\/api.w.org\/{rel}","templated":true}]}}