{"id":5958,"date":"2024-09-26T11:40:14","date_gmt":"2024-09-26T09:40:14","guid":{"rendered":"https:\/\/elcafedepipa.com\/?p=5958"},"modified":"2024-09-26T11:40:19","modified_gmt":"2024-09-26T09:40:19","slug":"almenara-continua-amb-els-festejos-taurins-i-prepara-el-sopar-solidari-de-les-calderes","status":"publish","type":"post","link":"https:\/\/elcafedepipa.com\/index.php\/2024\/09\/26\/almenara-continua-amb-els-festejos-taurins-i-prepara-el-sopar-solidari-de-les-calderes\/","title":{"rendered":"Almenara continua amb els festejos taurins i prepara el sopar solidari de les calderes"},"content":{"rendered":"\n<p><strong>Hui ser\u00e0 el tradicional sopar solidari de les calderes, \u00a0la recaptaci\u00f3 del qual es destinar\u00e0 enguany a TDAH Morvedre<\/strong><\/p>\n\n\n\n<p>Ahir a la vesprada van continuar els festejos taurins a Almenara amb l&#8217;exhibici\u00f3 d&#8217;un bou \u201ccerril\u201d de la ramaderia de&nbsp;Sergio&nbsp;Centelles, organitzat per la Penya Taurina&nbsp;Seraf\u00edn&nbsp;Tajuelo. A m\u00e9s, la Quinta dels&nbsp;27&nbsp;anys, amb la col\u00b7laboraci\u00f3 de l&#8217;Ajuntament d&#8217;Almenara, va celebrar el&nbsp;tardeo&nbsp;\u201cLos&nbsp;Secuaces&nbsp;Spanish&nbsp;Rock&amp;Roll\u201d en l&#8217;antic ambulatori.<\/p>\n\n\n\n<p>Aquesta&nbsp;mitjanit es va celebrar la tradicional \u201cProcess\u00f3 dels Borratxos\u201d, organitzada per la Penya El Forat amb el suport de l&#8217;ajuntament. La festa va continuar amb una discom\u00f2bil al recinte firal, amb&nbsp;Dj&nbsp;Royo i&nbsp;Dj&nbsp;Kilian&nbsp;Martinez&nbsp;animant la nit.<\/p>\n\n\n\n<p>Sopar solidari de les calderes<br>Hui dijous es dur\u00e0 a terme el sopar solidari de les calderes, que inclour\u00e0 el t\u00edpic guisat de carn de bou, apte per a persones cel\u00edaques. Els tiquets, a un euro, es destinaran enguany a l&#8217;Associaci\u00f3 TDAH Morvedre, que treballa pels drets i la dignitat de les persones amb trastorn per d\u00e8ficit d&#8217;atenci\u00f3, hiperactivitat i altres comorbiditats. Despr\u00e9s del sopar, l&#8217;orquestra&nbsp;Evasi\u00f3n&nbsp;oferir\u00e0 un ball per tancar la nit.<\/p>\n\n\n\n<p>Al mat\u00ed, l&#8217;encreuament del Carrer Castell\u00f3 amb Isabel la Cat\u00f2lica acollir\u00e0 el tobogan Summer Splash, i durant tot el dia, les atraccions de la fira tindran un preu redu\u00eft d&#8217;1,5 euros. A la vesprada, a les 18.30, la Penya Taurina Almenara exhibir\u00e0 un bou \u201ccerril\u201d de la ramaderia de&nbsp;Juan&nbsp;Albarr\u00e1n.<\/p>\n\n\n\n<p><\/p>\n","protected":false},"excerpt":{"rendered":"<p>Hui ser\u00e0 el tradicional sopar solidari de les calderes, \u00a0la recaptaci\u00f3 del qual es destinar\u00e0 enguany a TDAH Morvedre Ahir a la vesprada van continuar els festejos taurins a Almenara amb l&#8217;exhibici\u00f3 d&#8217;un bou \u201ccerril\u201d de la ramaderia de&nbsp;Sergio&nbsp;Centelles, organitzat per la Penya Taurina&nbsp;Seraf\u00edn&nbsp;Tajuelo. A m\u00e9s, la Quinta dels&nbsp;27&nbsp;anys, amb la col\u00b7laboraci\u00f3 de l&#8217;Ajuntament d&#8217;Almenara, &#8230; <a title=\"Almenara continua amb els festejos taurins i prepara el sopar solidari de les calderes\" class=\"read-more\" href=\"https:\/\/elcafedepipa.com\/index.php\/2024\/09\/26\/almenara-continua-amb-els-festejos-taurins-i-prepara-el-sopar-solidari-de-les-calderes\/\" aria-label=\"M\u00e9s informaci\u00f3 sobre Almenara continua amb els festejos taurins i prepara el sopar solidari de les calderes\">Read more<\/a><\/p>\n","protected":false},"author":2,"featured_media":0,"comment_status":"closed","ping_status":"closed","sticky":false,"template":"","format":"standard","meta":{"om_disable_all_campaigns":false,"_monsterinsights_skip_tracking":false,"_monsterinsights_sitenote_active":false,"_monsterinsights_sitenote_note":"","_monsterinsights_sitenote_category":0,"_uf_show_specific_survey":0,"_uf_disable_surveys":false,"footnotes":""},"categories":[1],"tags":[],"class_list":["post-5958","post","type-post","status-publish","format-standard","hentry","category-non-classe"],"_links":{"self":[{"href":"https:\/\/elcafedepipa.com\/index.php\/wp-json\/wp\/v2\/posts\/5958","targetHints":{"allow":["GET"]}}],"collection":[{"href":"https:\/\/elcafedepipa.com\/index.php\/wp-json\/wp\/v2\/posts"}],"about":[{"href":"https:\/\/elcafedepipa.com\/index.php\/wp-json\/wp\/v2\/types\/post"}],"author":[{"embeddable":true,"href":"https:\/\/elcafedepipa.com\/index.php\/wp-json\/wp\/v2\/users\/2"}],"replies":[{"embeddable":true,"href":"https:\/\/elcafedepipa.com\/index.php\/wp-json\/wp\/v2\/comments?post=5958"}],"version-history":[{"count":0,"href":"https:\/\/elcafedepipa.com\/index.php\/wp-json\/wp\/v2\/posts\/5958\/revisions"}],"wp:attachment":[{"href":"https:\/\/elcafedepipa.com\/index.php\/wp-json\/wp\/v2\/media?parent=5958"}],"wp:term":[{"taxonomy":"category","embeddable":true,"href":"https:\/\/elcafedepipa.com\/index.php\/wp-json\/wp\/v2\/categories?post=5958"},{"taxonomy":"post_tag","embeddable":true,"href":"https:\/\/elcafedepipa.com\/index.php\/wp-json\/wp\/v2\/tags?post=5958"}],"curies":[{"name":"wp","href":"https:\/\/api.w.org\/{rel}","templated":true}]}}