{"id":5952,"date":"2024-09-26T09:56:44","date_gmt":"2024-09-26T07:56:44","guid":{"rendered":"https:\/\/elcafedepipa.com\/?p=5952"},"modified":"2024-09-26T09:56:47","modified_gmt":"2024-09-26T07:56:47","slug":"lajuntament-de-la-vall-duixo-inicia-el-curs-2024-2025-de-les-tertulies-espais-de-families","status":"publish","type":"post","link":"https:\/\/elcafedepipa.com\/index.php\/2024\/09\/26\/lajuntament-de-la-vall-duixo-inicia-el-curs-2024-2025-de-les-tertulies-espais-de-families\/","title":{"rendered":"L&#8217;Ajuntament de la Vall d\u2019Uix\u00f3 inicia el curs 2024-2025 de les tert\u00falies &#8216;Espais de Fam\u00edlies&#8217;"},"content":{"rendered":"\n<p><strong>Aquest\u00a0programa dirigit a mares i pares\u00a0oferix\u00a0formaci\u00f3 gratu\u00efta i un espai en el qual compartir experi\u00e8ncies i inquietuds sobre\u00a0crian\u00e7a<\/strong><\/p>\n\n\n\n<p>L&#8217;Ajuntament de la Vall d\u2019Uix\u00f3 ha posat en marxa el curs 2024-2025 de les tert\u00falies &#8216;Espais de Fam\u00edlies&#8217;, un programa d&#8217;encontre i formaci\u00f3 per a pares i mares.&nbsp;Aquestes&nbsp;sessions permeten reflexionar, compartir i debatre sobre temes relacionats amb la crian\u00e7a i el desenvolupament dels fills. El regidor de Serveis Socials, Jorge Marqu\u00e9s, ha destacat que es tracta d&#8217;un espai &#8220;per compartir experi\u00e8ncies i parlar de les necessitats i inquietuds que tenim en la crian\u00e7a i l&#8217;acompanyament dels nostres fills i filles&#8221;.<\/p>\n\n\n\n<p>Les tert\u00falies gratu\u00eftes per a fam\u00edlies amb fills d&#8217;entre 7 i 18 anys comen\u00e7aran el 30 de setembre i es realitzaran els dilluns de 18.00 a 20.00 hores en el centre social de les Llimeres. Per a fam\u00edlies amb fills de 0 a 7 anys, les sessions, a les quals es pot assistir amb els&nbsp;beb\u00e9s, s&#8217;iniciaran el 3 d&#8217;octubre i tindran lloc els dijous de 10.00 a 12.00 hores. A m\u00e9s, el pr\u00f2xim taller d&#8217;educaci\u00f3 prenatal ser\u00e0 el 16 d&#8217;octubre a les 10.30 hores en el Centre de Salut I (Octavi Ten).<\/p>\n\n\n\n<p>Marqu\u00e9s ha ressaltat la import\u00e0ncia d&#8217;este&nbsp;espai, que es realitza en col\u00b7laboraci\u00f3 amb la Unitat de Prevenci\u00f3 Comunit\u00e0ria de Conductes Addictives i el Servei d&#8217;Orientaci\u00f3 Familiar, perqu\u00e8 &#8220;permet acompanyar les fam\u00edlies durant tot el cicle vital de la crian\u00e7a&#8221;. Per assistir a les sessions no \u00e9s necessari inscriure\u2019s pr\u00e8viament, nom\u00e9s acudir en els horaris establerts per a cada trobada.<\/p>\n","protected":false},"excerpt":{"rendered":"<p>Aquest\u00a0programa dirigit a mares i pares\u00a0oferix\u00a0formaci\u00f3 gratu\u00efta i un espai en el qual compartir experi\u00e8ncies i inquietuds sobre\u00a0crian\u00e7a L&#8217;Ajuntament de la Vall d\u2019Uix\u00f3 ha posat en marxa el curs 2024-2025 de les tert\u00falies &#8216;Espais de Fam\u00edlies&#8217;, un programa d&#8217;encontre i formaci\u00f3 per a pares i mares.&nbsp;Aquestes&nbsp;sessions permeten reflexionar, compartir i debatre sobre temes relacionats amb &#8230; <a title=\"L&#8217;Ajuntament de la Vall d\u2019Uix\u00f3 inicia el curs 2024-2025 de les tert\u00falies &#8216;Espais de Fam\u00edlies&#8217;\" class=\"read-more\" href=\"https:\/\/elcafedepipa.com\/index.php\/2024\/09\/26\/lajuntament-de-la-vall-duixo-inicia-el-curs-2024-2025-de-les-tertulies-espais-de-families\/\" aria-label=\"M\u00e9s informaci\u00f3 sobre L&#8217;Ajuntament de la Vall d\u2019Uix\u00f3 inicia el curs 2024-2025 de les tert\u00falies &#8216;Espais de Fam\u00edlies&#8217;\">Read more<\/a><\/p>\n","protected":false},"author":2,"featured_media":0,"comment_status":"closed","ping_status":"closed","sticky":false,"template":"","format":"standard","meta":{"om_disable_all_campaigns":false,"_monsterinsights_skip_tracking":false,"_monsterinsights_sitenote_active":false,"_monsterinsights_sitenote_note":"","_monsterinsights_sitenote_category":0,"_uf_show_specific_survey":0,"_uf_disable_surveys":false,"footnotes":""},"categories":[2],"tags":[],"class_list":["post-5952","post","type-post","status-publish","format-standard","hentry","category-lavallduixo"],"_links":{"self":[{"href":"https:\/\/elcafedepipa.com\/index.php\/wp-json\/wp\/v2\/posts\/5952","targetHints":{"allow":["GET"]}}],"collection":[{"href":"https:\/\/elcafedepipa.com\/index.php\/wp-json\/wp\/v2\/posts"}],"about":[{"href":"https:\/\/elcafedepipa.com\/index.php\/wp-json\/wp\/v2\/types\/post"}],"author":[{"embeddable":true,"href":"https:\/\/elcafedepipa.com\/index.php\/wp-json\/wp\/v2\/users\/2"}],"replies":[{"embeddable":true,"href":"https:\/\/elcafedepipa.com\/index.php\/wp-json\/wp\/v2\/comments?post=5952"}],"version-history":[{"count":0,"href":"https:\/\/elcafedepipa.com\/index.php\/wp-json\/wp\/v2\/posts\/5952\/revisions"}],"wp:attachment":[{"href":"https:\/\/elcafedepipa.com\/index.php\/wp-json\/wp\/v2\/media?parent=5952"}],"wp:term":[{"taxonomy":"category","embeddable":true,"href":"https:\/\/elcafedepipa.com\/index.php\/wp-json\/wp\/v2\/categories?post=5952"},{"taxonomy":"post_tag","embeddable":true,"href":"https:\/\/elcafedepipa.com\/index.php\/wp-json\/wp\/v2\/tags?post=5952"}],"curies":[{"name":"wp","href":"https:\/\/api.w.org\/{rel}","templated":true}]}}