{"id":5926,"date":"2024-09-25T14:05:42","date_gmt":"2024-09-25T12:05:42","guid":{"rendered":"https:\/\/elcafedepipa.com\/?p=5926"},"modified":"2024-09-25T14:05:47","modified_gmt":"2024-09-25T12:05:47","slug":"la-diputacio-de-castello-adjudica-les-obres-per-a-installar-plaques-fotovoltaiques-i-millorar-lenllumenat-public-en-els-municipis-menuts-de-la-provincia","status":"publish","type":"post","link":"https:\/\/elcafedepipa.com\/index.php\/2024\/09\/25\/la-diputacio-de-castello-adjudica-les-obres-per-a-installar-plaques-fotovoltaiques-i-millorar-lenllumenat-public-en-els-municipis-menuts-de-la-provincia\/","title":{"rendered":"La Diputaci\u00f3 de Castell\u00f3 adjudica les obres per a instal\u00b7lar plaques fotovoltaiques i millorar l&#8217;enllumenat p\u00fablic en els municipis menuts de la\u00a0prov\u00edncia"},"content":{"rendered":"\n<p><strong>La Junta de Govern aprova l&#8217;adjudicaci\u00f3 dels contractes perqu\u00e8 municipis de la prov\u00edncia estalvien en la seua factura de llum a trav\u00e9s del pla provincial de transici\u00f3 energ\u00e8tica<\/strong><\/p>\n\n\n\n<p>La Diputaci\u00f3 de Castell\u00f3 ha adjudicat obres per a instal\u00b7lar plaques fotovoltaiques i millorar l&#8217;enllumenat p\u00fablic en diversos municipis dins del Pla Diputaci\u00f3 Resol. Aquest projecte beneficiar\u00e0 34 localitats menors de 1.000 habitants, permetent un estalvi energ\u00e8tic del 30% i reduint la petjada de carboni. A m\u00e9s, es millorar\u00e0 l&#8217;enllumenat p\u00fablic en 13 municipis amb tecnologia de telegesti\u00f3. La presidenta, Marta Barrachina, ha destacat l&#8217;impacte positiu d&#8217;aquestes accions en l&#8217;efici\u00e8ncia energ\u00e8tica i l&#8217;economia local, oferint als municipis m\u00e9s recursos per a altres serveis i millores.<br><br><\/p>\n","protected":false},"excerpt":{"rendered":"<p>La Junta de Govern aprova l&#8217;adjudicaci\u00f3 dels contractes perqu\u00e8 municipis de la prov\u00edncia estalvien en la seua factura de llum a trav\u00e9s del pla provincial de transici\u00f3 energ\u00e8tica La Diputaci\u00f3 de Castell\u00f3 ha adjudicat obres per a instal\u00b7lar plaques fotovoltaiques i millorar l&#8217;enllumenat p\u00fablic en diversos municipis dins del Pla Diputaci\u00f3 Resol. Aquest projecte beneficiar\u00e0 &#8230; <a title=\"La Diputaci\u00f3 de Castell\u00f3 adjudica les obres per a instal\u00b7lar plaques fotovoltaiques i millorar l&#8217;enllumenat p\u00fablic en els municipis menuts de la\u00a0prov\u00edncia\" class=\"read-more\" href=\"https:\/\/elcafedepipa.com\/index.php\/2024\/09\/25\/la-diputacio-de-castello-adjudica-les-obres-per-a-installar-plaques-fotovoltaiques-i-millorar-lenllumenat-public-en-els-municipis-menuts-de-la-provincia\/\" aria-label=\"M\u00e9s informaci\u00f3 sobre La Diputaci\u00f3 de Castell\u00f3 adjudica les obres per a instal\u00b7lar plaques fotovoltaiques i millorar l&#8217;enllumenat p\u00fablic en els municipis menuts de la\u00a0prov\u00edncia\">Read more<\/a><\/p>\n","protected":false},"author":2,"featured_media":0,"comment_status":"closed","ping_status":"closed","sticky":false,"template":"","format":"standard","meta":{"om_disable_all_campaigns":false,"_monsterinsights_skip_tracking":false,"_monsterinsights_sitenote_active":false,"_monsterinsights_sitenote_note":"","_monsterinsights_sitenote_category":0,"_uf_show_specific_survey":0,"_uf_disable_surveys":false,"footnotes":""},"categories":[1],"tags":[],"class_list":["post-5926","post","type-post","status-publish","format-standard","hentry","category-non-classe"],"_links":{"self":[{"href":"https:\/\/elcafedepipa.com\/index.php\/wp-json\/wp\/v2\/posts\/5926","targetHints":{"allow":["GET"]}}],"collection":[{"href":"https:\/\/elcafedepipa.com\/index.php\/wp-json\/wp\/v2\/posts"}],"about":[{"href":"https:\/\/elcafedepipa.com\/index.php\/wp-json\/wp\/v2\/types\/post"}],"author":[{"embeddable":true,"href":"https:\/\/elcafedepipa.com\/index.php\/wp-json\/wp\/v2\/users\/2"}],"replies":[{"embeddable":true,"href":"https:\/\/elcafedepipa.com\/index.php\/wp-json\/wp\/v2\/comments?post=5926"}],"version-history":[{"count":0,"href":"https:\/\/elcafedepipa.com\/index.php\/wp-json\/wp\/v2\/posts\/5926\/revisions"}],"wp:attachment":[{"href":"https:\/\/elcafedepipa.com\/index.php\/wp-json\/wp\/v2\/media?parent=5926"}],"wp:term":[{"taxonomy":"category","embeddable":true,"href":"https:\/\/elcafedepipa.com\/index.php\/wp-json\/wp\/v2\/categories?post=5926"},{"taxonomy":"post_tag","embeddable":true,"href":"https:\/\/elcafedepipa.com\/index.php\/wp-json\/wp\/v2\/tags?post=5926"}],"curies":[{"name":"wp","href":"https:\/\/api.w.org\/{rel}","templated":true}]}}