{"id":5911,"date":"2024-09-25T13:40:00","date_gmt":"2024-09-25T11:40:00","guid":{"rendered":"https:\/\/elcafedepipa.com\/?p=5911"},"modified":"2024-09-25T13:28:37","modified_gmt":"2024-09-25T11:28:37","slug":"podcast-la-vall-duixo-presenta-una-iniciativa-per-a-combatre-la-soledat-no-desitjada-ballant","status":"publish","type":"post","link":"https:\/\/elcafedepipa.com\/index.php\/2024\/09\/25\/podcast-la-vall-duixo-presenta-una-iniciativa-per-a-combatre-la-soledat-no-desitjada-ballant\/","title":{"rendered":"Podcast | La Vall d&#8217;Uix\u00f3 presenta una iniciativa per a combatre la soledat no desitjada ballant"},"content":{"rendered":"\n<p><strong>\u00c0UDIO | <\/strong>Lola Fern\u00e1ndez, t\u00e8cnica de Serveis Socials; i Marina Lluna i Sharay Valiente, des de Marina Lluna Escola de Ball, ens presenten el projecte &#8216;Ballem a les places&#8217;, a trav\u00e9s del qual es pret\u00e9n que la gent gran puga participar en activitats l\u00fadiques. Comen\u00e7ar\u00e0 aquest diumenge al barri Toledo.<\/p>\n\n\n\n<figure class=\"wp-block-audio\"><audio controls src=\"https:\/\/elcafedepipa.com\/wp-content\/uploads\/2024\/09\/ballem25s_.mp3\"><\/audio><\/figure>\n\n\n\n<p><\/p>\n","protected":false},"excerpt":{"rendered":"<p>\u00c0UDIO | Lola Fern\u00e1ndez, t\u00e8cnica de Serveis Socials; i Marina Lluna i Sharay Valiente, des de Marina Lluna Escola de Ball, ens presenten el projecte &#8216;Ballem a les places&#8217;, a trav\u00e9s del qual es pret\u00e9n que la gent gran puga participar en activitats l\u00fadiques. Comen\u00e7ar\u00e0 aquest diumenge al barri Toledo.<\/p>\n","protected":false},"author":2,"featured_media":0,"comment_status":"closed","ping_status":"closed","sticky":false,"template":"","format":"standard","meta":{"om_disable_all_campaigns":false,"_monsterinsights_skip_tracking":false,"_monsterinsights_sitenote_active":false,"_monsterinsights_sitenote_note":"","_monsterinsights_sitenote_category":0,"_uf_show_specific_survey":0,"_uf_disable_surveys":false,"footnotes":""},"categories":[1],"tags":[],"class_list":["post-5911","post","type-post","status-publish","format-standard","hentry","category-non-classe"],"_links":{"self":[{"href":"https:\/\/elcafedepipa.com\/index.php\/wp-json\/wp\/v2\/posts\/5911","targetHints":{"allow":["GET"]}}],"collection":[{"href":"https:\/\/elcafedepipa.com\/index.php\/wp-json\/wp\/v2\/posts"}],"about":[{"href":"https:\/\/elcafedepipa.com\/index.php\/wp-json\/wp\/v2\/types\/post"}],"author":[{"embeddable":true,"href":"https:\/\/elcafedepipa.com\/index.php\/wp-json\/wp\/v2\/users\/2"}],"replies":[{"embeddable":true,"href":"https:\/\/elcafedepipa.com\/index.php\/wp-json\/wp\/v2\/comments?post=5911"}],"version-history":[{"count":0,"href":"https:\/\/elcafedepipa.com\/index.php\/wp-json\/wp\/v2\/posts\/5911\/revisions"}],"wp:attachment":[{"href":"https:\/\/elcafedepipa.com\/index.php\/wp-json\/wp\/v2\/media?parent=5911"}],"wp:term":[{"taxonomy":"category","embeddable":true,"href":"https:\/\/elcafedepipa.com\/index.php\/wp-json\/wp\/v2\/categories?post=5911"},{"taxonomy":"post_tag","embeddable":true,"href":"https:\/\/elcafedepipa.com\/index.php\/wp-json\/wp\/v2\/tags?post=5911"}],"curies":[{"name":"wp","href":"https:\/\/api.w.org\/{rel}","templated":true}]}}