{"id":5869,"date":"2024-09-24T16:30:41","date_gmt":"2024-09-24T14:30:41","guid":{"rendered":"https:\/\/elcafedepipa.com\/?p=5869"},"modified":"2024-09-24T16:30:41","modified_gmt":"2024-09-24T14:30:41","slug":"nules-impulsa-un-ampli-programa-dactivitats-per-a-la-joventut","status":"publish","type":"post","link":"https:\/\/elcafedepipa.com\/index.php\/2024\/09\/24\/nules-impulsa-un-ampli-programa-dactivitats-per-a-la-joventut\/","title":{"rendered":"Nules impulsa un ampli programa d&#8217;activitats per a la joventut"},"content":{"rendered":"\n<p><strong>Les matr\u00edcules per a participar en els cursos i tallers es poden fer al Casal Jove<\/strong><\/p>\n\n\n\n<p>L&#8217;Ajuntament de Nules, a trav\u00e9s de la Regidoria de Joventut, continua treballant per oferir als joves de la localitat un calendari anual ple d&#8217;activitats. Actualment, ja estan obertes al Casal Jove les inscripcions per als cursos i tallers que es desenvoluparan en els pr\u00f2xims mesos.<\/p>\n\n\n\n<p>Una de les propostes m\u00e9s destacades \u00e9s la creaci\u00f3 de l&#8217;Aula Jove d&#8217;Arts Esc\u00e8niques, una iniciativa innovadora amb l&#8217;objectiu de proporcionar un espai creatiu per al creixement i desenvolupament art\u00edstic dels joves. \u201cVolem que siga un espai de creaci\u00f3 i expressi\u00f3\u201d, afirma la regidora de Joventut, Blanca Silvestre.<\/p>\n\n\n\n<p>El Casal Jove estar\u00e0 obert dimarts i dijous, de 16.00 a 19.30 hores, amb el programa \u201cVesprades al Casal\u201d, que es prolongar\u00e0 des de setembre fins al mes de juny. Entre les opcions formatives que s&#8217;oferixen&nbsp;destaquen el Curs de Monitor\/a d&#8217;Activitats de Temps Lliure Infantil i Juvenil, i diversos cursos d&#8217;especialitzaci\u00f3 com el de Monitor\/a de Menjador en Centres d\u2019Ensenyament, el Taller de Recursos de Maquillatge d&#8217;Animaci\u00f3, i les Aules Joves d&#8217;Arts Esc\u00e8niques, amb sessions dedicades tant al teatre com a la dansa urbana.<\/p>\n\n\n\n<p>Altres activitats programades inclouen el Taller de Motivaci\u00f3 i T\u00e8cniques d&#8217;Estudi, el Taller de Cuina, \u201cEl repte de les emocions\u201d, i una&nbsp;Multiactivitat&nbsp;Aqu\u00e0tica prevista per al mes de maig.<\/p>\n\n\n\n<p>Tamb\u00e9 es mantindran els programes \u201cDissabte&nbsp;Jove\u201d, \u201cNadal Jove\u201d, \u201cPasqua Jove\u201d i \u201cEstiu&nbsp;Jove\u201d, cadascun amb la seua pr\u00f2pia programaci\u00f3. A m\u00e9s, la regidoria&nbsp;seguir\u00e0 donant&nbsp;suport a trobades com el \u201cConnecta\u2019t\u201d, i a activitats especials com el Dia Mundial dels Jocs de No Atzar o el Dia Mundial sense Alcohol. Al mes d\u2019abril, es celebrar\u00e0 la segona edici\u00f3 de la Nit de l\u2019Art Jove, dins de les propostes d&#8217;oci alternatiu.<\/p>\n\n\n\n<p>Blanca Silvestre destaca la import\u00e0ncia d&#8217;aquesta programaci\u00f3, afirmant que &#8220;\u00e9s molt completa i variada, enfocada especialment als adolescents del municipi, que ha tingut una gran acollida entre els joves. Cada any incorporem nous tallers i activitats per donar resposta a una franja d&#8217;edat que, anteriorment, tenia poques opcions de lleure&#8221;.<\/p>\n","protected":false},"excerpt":{"rendered":"<p>Les matr\u00edcules per a participar en els cursos i tallers es poden fer al Casal Jove L&#8217;Ajuntament de Nules, a trav\u00e9s de la Regidoria de Joventut, continua treballant per oferir als joves de la localitat un calendari anual ple d&#8217;activitats. Actualment, ja estan obertes al Casal Jove les inscripcions per als cursos i tallers que &#8230; <a title=\"Nules impulsa un ampli programa d&#8217;activitats per a la joventut\" class=\"read-more\" href=\"https:\/\/elcafedepipa.com\/index.php\/2024\/09\/24\/nules-impulsa-un-ampli-programa-dactivitats-per-a-la-joventut\/\" aria-label=\"M\u00e9s informaci\u00f3 sobre Nules impulsa un ampli programa d&#8217;activitats per a la joventut\">Read more<\/a><\/p>\n","protected":false},"author":2,"featured_media":0,"comment_status":"closed","ping_status":"closed","sticky":false,"template":"","format":"standard","meta":{"om_disable_all_campaigns":false,"_monsterinsights_skip_tracking":false,"_monsterinsights_sitenote_active":false,"_monsterinsights_sitenote_note":"","_monsterinsights_sitenote_category":0,"_uf_show_specific_survey":0,"_uf_disable_surveys":false,"footnotes":""},"categories":[3],"tags":[],"class_list":["post-5869","post","type-post","status-publish","format-standard","hentry","category-nules"],"_links":{"self":[{"href":"https:\/\/elcafedepipa.com\/index.php\/wp-json\/wp\/v2\/posts\/5869","targetHints":{"allow":["GET"]}}],"collection":[{"href":"https:\/\/elcafedepipa.com\/index.php\/wp-json\/wp\/v2\/posts"}],"about":[{"href":"https:\/\/elcafedepipa.com\/index.php\/wp-json\/wp\/v2\/types\/post"}],"author":[{"embeddable":true,"href":"https:\/\/elcafedepipa.com\/index.php\/wp-json\/wp\/v2\/users\/2"}],"replies":[{"embeddable":true,"href":"https:\/\/elcafedepipa.com\/index.php\/wp-json\/wp\/v2\/comments?post=5869"}],"version-history":[{"count":0,"href":"https:\/\/elcafedepipa.com\/index.php\/wp-json\/wp\/v2\/posts\/5869\/revisions"}],"wp:attachment":[{"href":"https:\/\/elcafedepipa.com\/index.php\/wp-json\/wp\/v2\/media?parent=5869"}],"wp:term":[{"taxonomy":"category","embeddable":true,"href":"https:\/\/elcafedepipa.com\/index.php\/wp-json\/wp\/v2\/categories?post=5869"},{"taxonomy":"post_tag","embeddable":true,"href":"https:\/\/elcafedepipa.com\/index.php\/wp-json\/wp\/v2\/tags?post=5869"}],"curies":[{"name":"wp","href":"https:\/\/api.w.org\/{rel}","templated":true}]}}