{"id":5820,"date":"2024-09-24T09:23:29","date_gmt":"2024-09-24T07:23:29","guid":{"rendered":"https:\/\/elcafedepipa.com\/?p=5820"},"modified":"2024-09-24T09:23:30","modified_gmt":"2024-09-24T07:23:30","slug":"la-vall-duixo-acull-la-quarta-carrera-del-circuit-5k-en-les-festes-de-la-pilarica","status":"publish","type":"post","link":"https:\/\/elcafedepipa.com\/index.php\/2024\/09\/24\/la-vall-duixo-acull-la-quarta-carrera-del-circuit-5k-en-les-festes-de-la-pilarica\/","title":{"rendered":"La Vall d&#8217;Uix\u00f3 acull la quarta carrera del Circuit 5K en les festes de la Pilarica"},"content":{"rendered":"\n<p><strong>Els beneficis es destinen \u00edntegrament a l&#8217;Associaci\u00f3 Contra el C\u00e0ncer de la Vall d&#8217;Uix\u00f3<\/strong><\/p>\n\n\n\n<p>L&#8217;Ajuntament de la Vall d&#8217;Uix\u00f3 i les festes de la&nbsp;Pilarica&nbsp;han presentat la quarta edici\u00f3 del Circuit&nbsp;5K&nbsp;Ciutat de la Vall d&#8217;Uix\u00f3, que se celebrar\u00e0&nbsp;aquest&nbsp;dissabte 28 de setembre. L&#8217;eixida ser\u00e0 a les 9.00 hores des de la pla\u00e7a de la Rambla i el recorregut passar\u00e0 pels carrers i places m\u00e9s emblem\u00e0tiques del barri i les zones adjacents. A m\u00e9s, hi haur\u00e0 un punt d&#8217;animaci\u00f3 a c\u00e0rrec de la&nbsp;xaranga La&nbsp;Bomba Show i avituallament per als participants.<\/p>\n\n\n\n<p>La regidora d&#8217;Esports, Mar&nbsp;Arzo, juntament amb Xavi&nbsp;Naranjo, president de la comissi\u00f3 de festes de la&nbsp;Pilarica, han donat a con\u00e9ixer els detalls d&#8217;esta&nbsp;carrera solid\u00e0ria, ja que els beneficis es destinaran \u00edntegrament a l&#8217;Associaci\u00f3 Contra el C\u00e0ncer de la Vall d&#8217;Uix\u00f3. Les inscripcions es poden realitzar a trav\u00e9s de www.mychip.es per 7 euros, tot i que els participants inscrits en tot el circuit tenen totes les proves incloses.<\/p>\n\n\n\n<p>Aquesta&nbsp;\u00e9s la tercera edici\u00f3 del Circuit&nbsp;5K&nbsp;Ciutat de la Vall d&#8217;Uix\u00f3, organitzat i patrocinat per la Regidoria d&#8217;Esports en col\u00b7laboraci\u00f3 amb clubs i entitats locals. La regidora ha destacat que \u00e9s \u201cuna manera d&#8217;impulsar l&#8217;esport popular i diversificar la programaci\u00f3 de les festes\u201d, i ha animat a la ciutadania \u201ca participar corrent o caminant\u201d o \u201ca eixir als carrers per a animar els corredors i corredores i gaudir de l&#8217;ambient festiu\u201d.<\/p>\n","protected":false},"excerpt":{"rendered":"<p>Els beneficis es destinen \u00edntegrament a l&#8217;Associaci\u00f3 Contra el C\u00e0ncer de la Vall d&#8217;Uix\u00f3 L&#8217;Ajuntament de la Vall d&#8217;Uix\u00f3 i les festes de la&nbsp;Pilarica&nbsp;han presentat la quarta edici\u00f3 del Circuit&nbsp;5K&nbsp;Ciutat de la Vall d&#8217;Uix\u00f3, que se celebrar\u00e0&nbsp;aquest&nbsp;dissabte 28 de setembre. L&#8217;eixida ser\u00e0 a les 9.00 hores des de la pla\u00e7a de la Rambla i el &#8230; <a title=\"La Vall d&#8217;Uix\u00f3 acull la quarta carrera del Circuit 5K en les festes de la Pilarica\" class=\"read-more\" href=\"https:\/\/elcafedepipa.com\/index.php\/2024\/09\/24\/la-vall-duixo-acull-la-quarta-carrera-del-circuit-5k-en-les-festes-de-la-pilarica\/\" aria-label=\"M\u00e9s informaci\u00f3 sobre La Vall d&#8217;Uix\u00f3 acull la quarta carrera del Circuit 5K en les festes de la Pilarica\">Read more<\/a><\/p>\n","protected":false},"author":2,"featured_media":0,"comment_status":"closed","ping_status":"closed","sticky":false,"template":"","format":"standard","meta":{"om_disable_all_campaigns":false,"_monsterinsights_skip_tracking":false,"_monsterinsights_sitenote_active":false,"_monsterinsights_sitenote_note":"","_monsterinsights_sitenote_category":0,"_uf_show_specific_survey":0,"_uf_disable_surveys":false,"footnotes":""},"categories":[2],"tags":[],"class_list":["post-5820","post","type-post","status-publish","format-standard","hentry","category-lavallduixo"],"_links":{"self":[{"href":"https:\/\/elcafedepipa.com\/index.php\/wp-json\/wp\/v2\/posts\/5820","targetHints":{"allow":["GET"]}}],"collection":[{"href":"https:\/\/elcafedepipa.com\/index.php\/wp-json\/wp\/v2\/posts"}],"about":[{"href":"https:\/\/elcafedepipa.com\/index.php\/wp-json\/wp\/v2\/types\/post"}],"author":[{"embeddable":true,"href":"https:\/\/elcafedepipa.com\/index.php\/wp-json\/wp\/v2\/users\/2"}],"replies":[{"embeddable":true,"href":"https:\/\/elcafedepipa.com\/index.php\/wp-json\/wp\/v2\/comments?post=5820"}],"version-history":[{"count":0,"href":"https:\/\/elcafedepipa.com\/index.php\/wp-json\/wp\/v2\/posts\/5820\/revisions"}],"wp:attachment":[{"href":"https:\/\/elcafedepipa.com\/index.php\/wp-json\/wp\/v2\/media?parent=5820"}],"wp:term":[{"taxonomy":"category","embeddable":true,"href":"https:\/\/elcafedepipa.com\/index.php\/wp-json\/wp\/v2\/categories?post=5820"},{"taxonomy":"post_tag","embeddable":true,"href":"https:\/\/elcafedepipa.com\/index.php\/wp-json\/wp\/v2\/tags?post=5820"}],"curies":[{"name":"wp","href":"https:\/\/api.w.org\/{rel}","templated":true}]}}