{"id":5811,"date":"2024-09-23T15:50:05","date_gmt":"2024-09-23T13:50:05","guid":{"rendered":"https:\/\/elcafedepipa.com\/?p=5811"},"modified":"2024-09-23T15:50:07","modified_gmt":"2024-09-23T13:50:07","slug":"nules-acollira-aquest-dissabte-la-vii-trobada-gastronomica-intercultural","status":"publish","type":"post","link":"https:\/\/elcafedepipa.com\/index.php\/2024\/09\/23\/nules-acollira-aquest-dissabte-la-vii-trobada-gastronomica-intercultural\/","title":{"rendered":"Nules acollir\u00e0 aquest dissabte la VII Trobada\u00a0Gastron\u00f2mica\u00a0Intercultural"},"content":{"rendered":"\n<p><strong>La jornada busca la integraci\u00f3 i el respecte a la diversitat <\/strong>\u00a0\u00a0<strong>\u00a0<\/strong><\/p>\n\n\n\n<p>Nules albergar\u00e0 aquest dissabte, 28 de setembre,&nbsp; a partir de les huit de la vesprada la VII Trobada Gastron\u00f2mica &nbsp;Intercultural amb la qual es vol donar a con\u00e8ixer la diversitat existent al municipi i promoure la interacci\u00f3 i la conviv\u00e8ncia.<\/p>\n\n\n\n<p>De fet, hui s\u2019ha presentat aquesta trobada que tindr\u00e0 lloc al Local Multifuncional i que comptar\u00e0 amb un total de nou estands de diferents pa\u00efsos. De manera que, tant el regidor de Serveis Socials, Ram\u00f3n Mart\u00ednez, com la t\u00e8cnic de l\u2019 oficina PANGEA de Nules, Pilar Benlloch, han coincidit a assenyalar que \u201cun dels objectius d\u2019aquest esdeveniment \u00e9s precisament con\u00e9ixer altres cultures que estan convivint a la nostra poblaci\u00f3, a m\u00e9s tamb\u00e9 es pret\u00e9n potenciar la integraci\u00f3, el respecte a la diversitat, i com no el voluntariat donat que totes les persones que participen ho fan de manera altruista\u201d.<\/p>\n\n\n\n<p>La trobada est\u00e0 organitzada pel departament de Serveis Socials de l\u2019Ajuntament de Nules, m\u00e9s en concret per l\u2019Oficina d\u2019Atenci\u00f3 a les Persones Migrades (PANGEA) de Nules que treballa amb la poblaci\u00f3 migrant i la seua integraci\u00f3, i en la mateixa participaran m\u00e9s de 40 persones volunt\u00e0ries de diverses nacionalitats.<\/p>\n\n\n\n<p>Les persones visitants a aquesta trobada&nbsp;podran degustar plats t\u00edpics de pa\u00efsos com ara Marroc, Colombia, Argentina, Ucra\u00efna, Pakistan, o Romania, a m\u00e9s del nostre pa\u00eds que tamb\u00e9 estar\u00e0 representat amb els hostalers d\u2019Ashonul i de &nbsp;l\u2019Associaci\u00f3 de Mestresses de Casa de Nules, aix\u00ed mateix com a edicions anteriors la recaptaci\u00f3 de la venda de tiquets anir\u00e0 destinada a Creu Roja. Amb tot, cal assenyalar que les nacionalitats amb m\u00e9s pres\u00e8ncia a Nules s\u00f3n les de Romania, Marroc i Pakistan.<\/p>\n\n\n\n<p>Enguany, hi haur\u00e0 una actuaci\u00f3 &nbsp;del ballet Llum d\u2019Orient, per tant les persones assistents a l\u2019acte podran gaudir tamb\u00e9 d\u2019un espectacle de fusi\u00f3 de danses amb influ\u00e8ncia de diferents cultures. &nbsp;<\/p>\n\n\n\n<p>El regidor de Serveis Socials, Ram\u00f3n Mart\u00ednez, matisa que \u201camb aquesta iniciativa es pret\u00e9n donar visibilitat a la diversitat cultural que hi ha al nostre poble amb l\u2019exposici\u00f3 i degustaci\u00f3 de productes gastron\u00f2mics, es tracta d\u2019una activitat amb la qual es promou la interacci\u00f3 de persones de diferents cultures, donant a con\u00e8ixer la diversitat existent a Nules, a m\u00e9s es pret\u00e9n tamb\u00e9 la integraci\u00f3 de les persones migrants del nostre municipi, &nbsp;i que t\u00e9 un car\u00e0cter ben\u00e8fic\u201d.<\/p>\n","protected":false},"excerpt":{"rendered":"<p>La jornada busca la integraci\u00f3 i el respecte a la diversitat \u00a0\u00a0\u00a0 Nules albergar\u00e0 aquest dissabte, 28 de setembre,&nbsp; a partir de les huit de la vesprada la VII Trobada Gastron\u00f2mica &nbsp;Intercultural amb la qual es vol donar a con\u00e8ixer la diversitat existent al municipi i promoure la interacci\u00f3 i la conviv\u00e8ncia. De fet, hui &#8230; <a title=\"Nules acollir\u00e0 aquest dissabte la VII Trobada\u00a0Gastron\u00f2mica\u00a0Intercultural\" class=\"read-more\" href=\"https:\/\/elcafedepipa.com\/index.php\/2024\/09\/23\/nules-acollira-aquest-dissabte-la-vii-trobada-gastronomica-intercultural\/\" aria-label=\"M\u00e9s informaci\u00f3 sobre Nules acollir\u00e0 aquest dissabte la VII Trobada\u00a0Gastron\u00f2mica\u00a0Intercultural\">Read more<\/a><\/p>\n","protected":false},"author":2,"featured_media":0,"comment_status":"closed","ping_status":"closed","sticky":false,"template":"","format":"standard","meta":{"om_disable_all_campaigns":false,"_monsterinsights_skip_tracking":false,"_monsterinsights_sitenote_active":false,"_monsterinsights_sitenote_note":"","_monsterinsights_sitenote_category":0,"_uf_show_specific_survey":0,"_uf_disable_surveys":false,"footnotes":""},"categories":[1],"tags":[],"class_list":["post-5811","post","type-post","status-publish","format-standard","hentry","category-non-classe"],"_links":{"self":[{"href":"https:\/\/elcafedepipa.com\/index.php\/wp-json\/wp\/v2\/posts\/5811","targetHints":{"allow":["GET"]}}],"collection":[{"href":"https:\/\/elcafedepipa.com\/index.php\/wp-json\/wp\/v2\/posts"}],"about":[{"href":"https:\/\/elcafedepipa.com\/index.php\/wp-json\/wp\/v2\/types\/post"}],"author":[{"embeddable":true,"href":"https:\/\/elcafedepipa.com\/index.php\/wp-json\/wp\/v2\/users\/2"}],"replies":[{"embeddable":true,"href":"https:\/\/elcafedepipa.com\/index.php\/wp-json\/wp\/v2\/comments?post=5811"}],"version-history":[{"count":0,"href":"https:\/\/elcafedepipa.com\/index.php\/wp-json\/wp\/v2\/posts\/5811\/revisions"}],"wp:attachment":[{"href":"https:\/\/elcafedepipa.com\/index.php\/wp-json\/wp\/v2\/media?parent=5811"}],"wp:term":[{"taxonomy":"category","embeddable":true,"href":"https:\/\/elcafedepipa.com\/index.php\/wp-json\/wp\/v2\/categories?post=5811"},{"taxonomy":"post_tag","embeddable":true,"href":"https:\/\/elcafedepipa.com\/index.php\/wp-json\/wp\/v2\/tags?post=5811"}],"curies":[{"name":"wp","href":"https:\/\/api.w.org\/{rel}","templated":true}]}}