{"id":5776,"date":"2024-09-23T13:09:01","date_gmt":"2024-09-23T11:09:01","guid":{"rendered":"https:\/\/elcafedepipa.com\/?p=5776"},"modified":"2024-09-23T13:09:03","modified_gmt":"2024-09-23T11:09:03","slug":"la-diputacio-de-castello-exigira-al-govern-despanya-que-revertisca-els-nous-compromisos-de-puntualitat-de-renfe","status":"publish","type":"post","link":"https:\/\/elcafedepipa.com\/index.php\/2024\/09\/23\/la-diputacio-de-castello-exigira-al-govern-despanya-que-revertisca-els-nous-compromisos-de-puntualitat-de-renfe\/","title":{"rendered":"La Diputaci\u00f3 de Castell\u00f3 exigir\u00e0 al Govern d&#8217;Espanya que revertisca els nous compromisos de puntualitat de Renfe"},"content":{"rendered":"\n<p><strong>El Govern Provincial porta a ple una moci\u00f3 per a exigir al Govern Central la adopci\u00f3 de les mesures necess\u00e0ries per a millorar els serv<\/strong><strong>e<\/strong><strong>is ferroviaris de la seua compet\u00e8ncia<\/strong><\/p>\n\n\n\n<p>La Diputaci\u00f3 Provincial de Castell\u00f3 debatr\u00e0&nbsp;aquest&nbsp;dimarts, 24 de setembre, una moci\u00f3 per a instar el Govern d&#8217;Espanya a revertir els recents canvis en el comprom\u00eds de puntualitat de Renfe, despr\u00e9s que l&#8217;empresa ferrovi\u00e0ria deixara d&#8217;indemnitzar els retards a partir de 15 minuts en alta velocitat des de l&#8217;1 de juliol. Ara, nom\u00e9s es retornar\u00e0 l&#8217;import \u00edntegre del bitllet si el tren es retarda m\u00e9s d&#8217;una hora i mitja, mentre que anteriorment la compensaci\u00f3 s&#8217;oferia des dels 30 minuts.&nbsp;Aquest&nbsp;canvi afecta els serveis d&#8217;Ave,&nbsp;Avlo, Alvia, Euromed i&nbsp;Intercity.<\/p>\n\n\n\n<p>Marta&nbsp;Barrachina, presidenta de la Diputaci\u00f3, ha criticat la decisi\u00f3, afirmant que &#8220;empitjora el comprom\u00eds de puntualitat de Renfe i perjudica els usuaris dels serveis ferroviaris&#8221;.&nbsp;Barrachina&nbsp;ha destacat que &#8220;la qualitat i el rendiment social haurien d&#8217;estar per damunt de la rendibilitat econ\u00f2mica&#8221;. Tamb\u00e9 ha subratllat que els retards, avaries i la falta de freq\u00fc\u00e8ncies s\u00f3n massa comuns&nbsp;per a&nbsp;acceptar&nbsp;aquest&nbsp;empitjorament del servei.<\/p>\n\n\n\n<p>A trav\u00e9s de la moci\u00f3, la Diputaci\u00f3 demanar\u00e0 al Govern central que restablisca els compromisos de puntualitat vigents abans de l&#8217;1 de juliol i que adopte mesures urgents per a millorar els serveis ferroviaris,&nbsp;incloent&nbsp;actuacions sobre infraestructures i trens per a reduir les incid\u00e8ncies.<\/p>\n\n\n\n<p>A m\u00e9s,&nbsp;Barrachina&nbsp;ha expressat la seua frustraci\u00f3 per la falta de resposta del ministre de Transports, \u00d3scar Puente, despr\u00e9s de huit mesos d&#8217;esperar una reuni\u00f3 per a abordar les necessitats del transport a la prov\u00edncia. La presidenta va registrar&nbsp;aquesta&nbsp;sol\u00b7licitud el passat 16 de gener per a defensar un servei de transport p\u00fablic de qualitat, per\u00f2 encara no ha rebut cap resposta.<\/p>\n","protected":false},"excerpt":{"rendered":"<p>El Govern Provincial porta a ple una moci\u00f3 per a exigir al Govern Central la adopci\u00f3 de les mesures necess\u00e0ries per a millorar els serveis ferroviaris de la seua compet\u00e8ncia La Diputaci\u00f3 Provincial de Castell\u00f3 debatr\u00e0&nbsp;aquest&nbsp;dimarts, 24 de setembre, una moci\u00f3 per a instar el Govern d&#8217;Espanya a revertir els recents canvis en el comprom\u00eds &#8230; <a title=\"La Diputaci\u00f3 de Castell\u00f3 exigir\u00e0 al Govern d&#8217;Espanya que revertisca els nous compromisos de puntualitat de Renfe\" class=\"read-more\" href=\"https:\/\/elcafedepipa.com\/index.php\/2024\/09\/23\/la-diputacio-de-castello-exigira-al-govern-despanya-que-revertisca-els-nous-compromisos-de-puntualitat-de-renfe\/\" aria-label=\"M\u00e9s informaci\u00f3 sobre La Diputaci\u00f3 de Castell\u00f3 exigir\u00e0 al Govern d&#8217;Espanya que revertisca els nous compromisos de puntualitat de Renfe\">Read more<\/a><\/p>\n","protected":false},"author":2,"featured_media":0,"comment_status":"closed","ping_status":"closed","sticky":false,"template":"","format":"standard","meta":{"om_disable_all_campaigns":false,"_monsterinsights_skip_tracking":false,"_monsterinsights_sitenote_active":false,"_monsterinsights_sitenote_note":"","_monsterinsights_sitenote_category":0,"_uf_show_specific_survey":0,"_uf_disable_surveys":false,"footnotes":""},"categories":[10],"tags":[],"class_list":["post-5776","post","type-post","status-publish","format-standard","hentry","category-provinciadecastello"],"_links":{"self":[{"href":"https:\/\/elcafedepipa.com\/index.php\/wp-json\/wp\/v2\/posts\/5776","targetHints":{"allow":["GET"]}}],"collection":[{"href":"https:\/\/elcafedepipa.com\/index.php\/wp-json\/wp\/v2\/posts"}],"about":[{"href":"https:\/\/elcafedepipa.com\/index.php\/wp-json\/wp\/v2\/types\/post"}],"author":[{"embeddable":true,"href":"https:\/\/elcafedepipa.com\/index.php\/wp-json\/wp\/v2\/users\/2"}],"replies":[{"embeddable":true,"href":"https:\/\/elcafedepipa.com\/index.php\/wp-json\/wp\/v2\/comments?post=5776"}],"version-history":[{"count":0,"href":"https:\/\/elcafedepipa.com\/index.php\/wp-json\/wp\/v2\/posts\/5776\/revisions"}],"wp:attachment":[{"href":"https:\/\/elcafedepipa.com\/index.php\/wp-json\/wp\/v2\/media?parent=5776"}],"wp:term":[{"taxonomy":"category","embeddable":true,"href":"https:\/\/elcafedepipa.com\/index.php\/wp-json\/wp\/v2\/categories?post=5776"},{"taxonomy":"post_tag","embeddable":true,"href":"https:\/\/elcafedepipa.com\/index.php\/wp-json\/wp\/v2\/tags?post=5776"}],"curies":[{"name":"wp","href":"https:\/\/api.w.org\/{rel}","templated":true}]}}