{"id":5768,"date":"2024-09-23T12:58:54","date_gmt":"2024-09-23T10:58:54","guid":{"rendered":"https:\/\/elcafedepipa.com\/?p=5768"},"modified":"2024-09-23T12:58:55","modified_gmt":"2024-09-23T10:58:55","slug":"el-pspv-psoe-acusa-mazon-dutilitzar-lhabitatge-com-un-negoci-en-plena-crisi-de-preus","status":"publish","type":"post","link":"https:\/\/elcafedepipa.com\/index.php\/2024\/09\/23\/el-pspv-psoe-acusa-mazon-dutilitzar-lhabitatge-com-un-negoci-en-plena-crisi-de-preus\/","title":{"rendered":"El PSPV-PSOE acusa Maz\u00f3n d&#8217;utilitzar l&#8217;habitatge com un negoci en plena crisi de preus"},"content":{"rendered":"\n<p><strong>Mar\u00eda Jos\u00e9 Salvador censura que Maz\u00f3n \u201chaja accedit a les pressions del sector de la construcci\u00f3 i que damunt ho fa\u00e7a amb eufemismes dient que \u00e9s un increment variable\u201d: \u201cLa seua pol\u00edtica d&#8217;habitatge \u00e9s lletra morta\u201d<\/strong><\/p>\n\n\n\n<p>El PSPV-PSOE ha criticat durament el president de la Generalitat, Carlos Maz\u00f3n, per &#8220;convertir l&#8217;habitatge en un negoci&#8221; en lloc de garantir-lo com un dret, despr\u00e9s de la publicaci\u00f3 del nou decret d&#8217;habitatge que preveu una pujada del preu de les&nbsp;VPO&nbsp;en plena crisi de preus. La portaveu adjunta del partit a les Corts, Mar\u00eda Jos\u00e9 Salvador, ha denunciat que amb&nbsp;aquesta&nbsp;mesura &#8220;el preu del m\u00f2dul a la Comunitat Valenciana augmenta de 2.200 a 2.400 euros&#8221;, fent m\u00e9s dif\u00edcil per als valencians i castellonencs accedir a habitatges a preus assequibles.<\/p>\n\n\n\n<p>Salvador ha lamentat que &#8220;en un moment de greus dificultats per a la ciutadania per a accedir a un habitatge&#8221;, el Consell de Maz\u00f3n &#8220;opte per pol\u00edtiques que beneficien les constructores i no l&#8217;inter\u00e9s general&#8221;. Aix\u00ed mateix, ha censurat que el PP i Maz\u00f3n &#8220;hagen cedit a les pressions del sector de la construcci\u00f3, disfressant-ho amb eufemismes com &#8216;increment variable'&#8221;.<\/p>\n\n\n\n<p>Finalment, Salvador ha reivindicat la necessitat que el Consell implante pol\u00edtiques per garantir preus assequibles i ha assegurat que &#8220;el Pla Viu de Maz\u00f3n i la seua pol\u00edtica d&#8217;habitatge no s\u00f3n m\u00e9s que promeses buides&#8221;. &#8220;Fan de tot menys garantir el dret a l&#8217;habitatge en la Comunitat Valenciana&#8221;, ha concl\u00f2s.<\/p>\n","protected":false},"excerpt":{"rendered":"<p>Mar\u00eda Jos\u00e9 Salvador censura que Maz\u00f3n \u201chaja accedit a les pressions del sector de la construcci\u00f3 i que damunt ho fa\u00e7a amb eufemismes dient que \u00e9s un increment variable\u201d: \u201cLa seua pol\u00edtica d&#8217;habitatge \u00e9s lletra morta\u201d El PSPV-PSOE ha criticat durament el president de la Generalitat, Carlos Maz\u00f3n, per &#8220;convertir l&#8217;habitatge en un negoci&#8221; en &#8230; <a title=\"El PSPV-PSOE acusa Maz\u00f3n d&#8217;utilitzar l&#8217;habitatge com un negoci en plena crisi de preus\" class=\"read-more\" href=\"https:\/\/elcafedepipa.com\/index.php\/2024\/09\/23\/el-pspv-psoe-acusa-mazon-dutilitzar-lhabitatge-com-un-negoci-en-plena-crisi-de-preus\/\" aria-label=\"M\u00e9s informaci\u00f3 sobre El PSPV-PSOE acusa Maz\u00f3n d&#8217;utilitzar l&#8217;habitatge com un negoci en plena crisi de preus\">Read more<\/a><\/p>\n","protected":false},"author":2,"featured_media":0,"comment_status":"closed","ping_status":"closed","sticky":false,"template":"","format":"standard","meta":{"om_disable_all_campaigns":false,"_monsterinsights_skip_tracking":false,"_monsterinsights_sitenote_active":false,"_monsterinsights_sitenote_note":"","_monsterinsights_sitenote_category":0,"_uf_show_specific_survey":0,"_uf_disable_surveys":false,"footnotes":""},"categories":[11],"tags":[],"class_list":["post-5768","post","type-post","status-publish","format-standard","hentry","category-comunitatvalenciana"],"_links":{"self":[{"href":"https:\/\/elcafedepipa.com\/index.php\/wp-json\/wp\/v2\/posts\/5768","targetHints":{"allow":["GET"]}}],"collection":[{"href":"https:\/\/elcafedepipa.com\/index.php\/wp-json\/wp\/v2\/posts"}],"about":[{"href":"https:\/\/elcafedepipa.com\/index.php\/wp-json\/wp\/v2\/types\/post"}],"author":[{"embeddable":true,"href":"https:\/\/elcafedepipa.com\/index.php\/wp-json\/wp\/v2\/users\/2"}],"replies":[{"embeddable":true,"href":"https:\/\/elcafedepipa.com\/index.php\/wp-json\/wp\/v2\/comments?post=5768"}],"version-history":[{"count":0,"href":"https:\/\/elcafedepipa.com\/index.php\/wp-json\/wp\/v2\/posts\/5768\/revisions"}],"wp:attachment":[{"href":"https:\/\/elcafedepipa.com\/index.php\/wp-json\/wp\/v2\/media?parent=5768"}],"wp:term":[{"taxonomy":"category","embeddable":true,"href":"https:\/\/elcafedepipa.com\/index.php\/wp-json\/wp\/v2\/categories?post=5768"},{"taxonomy":"post_tag","embeddable":true,"href":"https:\/\/elcafedepipa.com\/index.php\/wp-json\/wp\/v2\/tags?post=5768"}],"curies":[{"name":"wp","href":"https:\/\/api.w.org\/{rel}","templated":true}]}}