{"id":5764,"date":"2024-09-23T12:43:45","date_gmt":"2024-09-23T10:43:45","guid":{"rendered":"https:\/\/elcafedepipa.com\/?p=5764"},"modified":"2024-09-23T12:43:47","modified_gmt":"2024-09-23T10:43:47","slug":"la-unio-llauradora-critica-el-vot-dels-eurodiputats-del-pp-a-favor-de-tolerar-pesticides-prohibits-en-productes-importats","status":"publish","type":"post","link":"https:\/\/elcafedepipa.com\/index.php\/2024\/09\/23\/la-unio-llauradora-critica-el-vot-dels-eurodiputats-del-pp-a-favor-de-tolerar-pesticides-prohibits-en-productes-importats\/","title":{"rendered":"LA UNI\u00d3 Llauradora critica el vot dels eurodiputats del PP a favor de tolerar pesticides prohibits en productes importats"},"content":{"rendered":"\n<p><strong>\u201cO no s&#8217;han assabentat del que estaven votant, la qual cosa ja seria greu comptant amb tots els assistents que tenen; o si ho sabien hauran d&#8217;explicar quins interessos estaven defensant en la votaci\u00f3\u201d, assenyala l&#8217;organitzaci\u00f3<\/strong><\/p>\n\n\n\n<p>LA UNI\u00d3 Llauradora ha expressat la seua incomprensi\u00f3 pel fet que els eurodiputats valencians i espanyols del Partit Popular votaren la setmana passada al Parlament Europeu a favor de les propostes de la Comissi\u00f3 Europea que permeten la pres\u00e8ncia de mat\u00e8ries actives prohibides a la Uni\u00f3 Europea en productes importats, com ara c\u00edtrics, vinya i fruiters.<\/p>\n\n\n\n<p>El passat 18 de setembre, el Parlament Europeu va rebutjar, amb una \u00e0mplia majoria de tres quartes parts dels vots, dues propostes de la Comissi\u00f3 Europea que permetien toler\u00e0ncies d&#8217;importaci\u00f3 per a pesticides com el&nbsp;ciproconazol,&nbsp;espirodiclofeno,&nbsp;benomilo,&nbsp;carbendazima&nbsp;i&nbsp;tiofanato-metil.&nbsp;Aquests&nbsp;productes fitosanitaris estan prohibits dins de la UE, per\u00f2 continuen sent utilitzats en pa\u00efsos tercers en cultius com c\u00edtrics, cereals, fruiters, hortalisses o vinya, segons ha detectat LA UNI\u00d3 en diverses anal\u00edtiques de productes importats.<\/p>\n\n\n\n<p>El Parlament Europeu va afirmar en les seues resolucions que els consumidors europeus han d&#8217;estar protegits dels residus de pesticides en els productes importats, exigint que&nbsp;aquests&nbsp;complisquen les mateixes normes que els produ\u00efts a la UE.<\/p>\n\n\n\n<p>Tanmateix, en les votacions, va sorprendre que els eurodiputats del PP foren els \u00fanics representants espanyols que votaren en contra d&#8217;aquestes&nbsp;resolucions, alineant-se amb la Comissi\u00f3 Europea i permetent la pres\u00e8ncia de residus d&#8217;aquests&nbsp;pesticides en els productes importats. Curiosament, altres eurodiputats del Grup Popular Europeu de diferents pa\u00efsos s\u00ed que votaren en contra de les propostes de la Comissi\u00f3.<\/p>\n\n\n\n<p>Des de LA UNI\u00d3 lamenten&nbsp;aquesta&nbsp;postura, destacant que &#8220;el PP ha votat en bloc a favor que entren c\u00edtrics amb&nbsp;carbendazima&nbsp;o tomaques amb&nbsp;benomilo&nbsp;de tercers pa\u00efsos, a pesar&nbsp;de que&nbsp;estan prohibits a Europa&#8221;. L&#8217;organitzaci\u00f3 considera&nbsp;aquesta&nbsp;decisi\u00f3 una deslleialtat cap als llauradors valencians, que reclamen que els productes importats complisquen les mateixes condicions que els produ\u00efts a Europa.<\/p>\n\n\n\n<p>LA UNI\u00d3 tamb\u00e9 critica la incoher\u00e8ncia del PP, assenyalant que &#8220;prometen&nbsp;cl\u00e0usules espill&nbsp;a la UE, per\u00f2 voten en contra d\u2019aplicar-les&#8221;. L&#8217;organitzaci\u00f3 conclou que si&nbsp;aquesta&nbsp;\u00e9s la manera de complir les seues promeses electorals, el futur del camp valenci\u00e0 est\u00e0 en perill.<\/p>\n","protected":false},"excerpt":{"rendered":"<p>\u201cO no s&#8217;han assabentat del que estaven votant, la qual cosa ja seria greu comptant amb tots els assistents que tenen; o si ho sabien hauran d&#8217;explicar quins interessos estaven defensant en la votaci\u00f3\u201d, assenyala l&#8217;organitzaci\u00f3 LA UNI\u00d3 Llauradora ha expressat la seua incomprensi\u00f3 pel fet que els eurodiputats valencians i espanyols del Partit Popular &#8230; <a title=\"LA UNI\u00d3 Llauradora critica el vot dels eurodiputats del PP a favor de tolerar pesticides prohibits en productes importats\" class=\"read-more\" href=\"https:\/\/elcafedepipa.com\/index.php\/2024\/09\/23\/la-unio-llauradora-critica-el-vot-dels-eurodiputats-del-pp-a-favor-de-tolerar-pesticides-prohibits-en-productes-importats\/\" aria-label=\"M\u00e9s informaci\u00f3 sobre LA UNI\u00d3 Llauradora critica el vot dels eurodiputats del PP a favor de tolerar pesticides prohibits en productes importats\">Read more<\/a><\/p>\n","protected":false},"author":2,"featured_media":0,"comment_status":"closed","ping_status":"closed","sticky":false,"template":"","format":"standard","meta":{"om_disable_all_campaigns":false,"_monsterinsights_skip_tracking":false,"_monsterinsights_sitenote_active":false,"_monsterinsights_sitenote_note":"","_monsterinsights_sitenote_category":0,"_uf_show_specific_survey":0,"_uf_disable_surveys":false,"footnotes":""},"categories":[11],"tags":[],"class_list":["post-5764","post","type-post","status-publish","format-standard","hentry","category-comunitatvalenciana"],"_links":{"self":[{"href":"https:\/\/elcafedepipa.com\/index.php\/wp-json\/wp\/v2\/posts\/5764","targetHints":{"allow":["GET"]}}],"collection":[{"href":"https:\/\/elcafedepipa.com\/index.php\/wp-json\/wp\/v2\/posts"}],"about":[{"href":"https:\/\/elcafedepipa.com\/index.php\/wp-json\/wp\/v2\/types\/post"}],"author":[{"embeddable":true,"href":"https:\/\/elcafedepipa.com\/index.php\/wp-json\/wp\/v2\/users\/2"}],"replies":[{"embeddable":true,"href":"https:\/\/elcafedepipa.com\/index.php\/wp-json\/wp\/v2\/comments?post=5764"}],"version-history":[{"count":0,"href":"https:\/\/elcafedepipa.com\/index.php\/wp-json\/wp\/v2\/posts\/5764\/revisions"}],"wp:attachment":[{"href":"https:\/\/elcafedepipa.com\/index.php\/wp-json\/wp\/v2\/media?parent=5764"}],"wp:term":[{"taxonomy":"category","embeddable":true,"href":"https:\/\/elcafedepipa.com\/index.php\/wp-json\/wp\/v2\/categories?post=5764"},{"taxonomy":"post_tag","embeddable":true,"href":"https:\/\/elcafedepipa.com\/index.php\/wp-json\/wp\/v2\/tags?post=5764"}],"curies":[{"name":"wp","href":"https:\/\/api.w.org\/{rel}","templated":true}]}}