{"id":5746,"date":"2024-09-22T14:47:11","date_gmt":"2024-09-22T12:47:11","guid":{"rendered":"https:\/\/elcafedepipa.com\/?p=5746"},"modified":"2024-09-22T14:47:13","modified_gmt":"2024-09-22T12:47:13","slug":"nules-tanca-la-67-fira-de-ramaderia-i-maquinaria-agricola-una-edicio-marcada-per-la-pluja","status":"publish","type":"post","link":"https:\/\/elcafedepipa.com\/index.php\/2024\/09\/22\/nules-tanca-la-67-fira-de-ramaderia-i-maquinaria-agricola-una-edicio-marcada-per-la-pluja\/","title":{"rendered":"Nules tanca la 67 Fira de Ramaderia i Maquin\u00e0ria Agr\u00edcola. Una edici\u00f3 marcada per la pluja."},"content":{"rendered":"\n<p>La LXXVII Fira de Ramaderia i Maquin\u00e0ria Agr\u00edcola de Nules tanca hui les seues portes amb la mirada posada ja a la propera edici\u00f3. La mostra ha comptat, un any m\u00e9s, amb diferents actes i activitats programats per a les diferents jornades que enguany s\u2019han vist alterats per la climatologia, de manera que la pluja ha fet que se suspenguin o ajornen alguns d\u2019ells com ara el II Concurs de Gossos de Rabera previst per a diumenge.<\/p>\n\n\n\n<p>No obstant aix\u00f2, en aquesta jornada de cloenda, la Reina de la Vila 2024, Nora Cano Mendo, i les dames de la Cort d\u2019Honor acompanyades pel regidor d\u2019Agricultura, C\u00e9sar Esta\u00f1ol, per diferents regidors, i pels membres de la Comissi\u00f3 de la Fira, han visitat els expositors per lliurar-los un detall commemoratiu de la fira que enguany compleix 77 anys.<\/p>\n\n\n\n<p>Aix\u00ed mateix, cal destacar que una de les apostes d\u2019aquesta mostra ha estat la potenciaci\u00f3 de la zona ramadera amb la incorporaci\u00f3 de m\u00e9s animals i que, per primera vegada, ha comptat amb la col\u00b7laboraci\u00f3 de l\u2019Associaci\u00f3 del Cavall de Nules,\u00a0 i que ha estat molt visitada, principalment pel p\u00fablic infantil. A m\u00e9s, el Rac\u00f3 del Llaurador s\u2019ha convertit, una vegada m\u00e9s, en el punt de trobada del sector agrari de la Comunitat Valenciana amb una programaci\u00f3 centrada, principalment, a oferir al llaurador informaci\u00f3 sobre temes de l\u2019actualitat agr\u00e0ria. Precisament, un dels espais m\u00e9s visitant ha estat el Rac\u00f3 del Llaurador on s\u2019ha instal\u00b7lat una zona hist\u00f2rica-patrimonial dedicada als or\u00edgens de la fira. Amb tot, s\u2019ha comptat, un any m\u00e9s, amb el tradicional espai dedicat als Productes del Camp.<\/p>\n\n\n\n<p>En un altre ordre de coses, el Rac\u00f3 del Comer\u00e7 Local, una de les novetats d\u2019aquesta edici\u00f3, ha tingut molt bona acollida entre les persones visitants, on s\u2019ha pogut gaudir de diferents tallers igual que tamb\u00e9 les activitats de les associacions que han comptat amb molta participaci\u00f3. Altra de les apostes d\u2019aquesta fira \u00e9s el Rac\u00f3 Gastron\u00f2mic, &nbsp;un espai gastron\u00f2mic dissenyat per a con\u00e8ixer i degustar vi i productes de proximitat.<\/p>\n\n\n\n<p>Davant a\u00e7\u00f2, el regidor d\u2019Agricultura, C\u00e9sar Esta\u00f1ol, explica que \u201cha estat una edici\u00f3 marcada, en alguns moments, per la meteorologia, en concret el concurs de Gossos de Rabera s\u2019ha hagut de suspendre per l\u2019estat del solar on es fa degut a les pluges. Per\u00f2 aix\u00ed i tot, &nbsp;hem pogut comprovar que aquesta fira segueix sent tot un referent per al sector agrari de la nostra prov\u00edncia\u201d.<\/p>\n\n\n\n<p><\/p>\n","protected":false},"excerpt":{"rendered":"<p>La LXXVII Fira de Ramaderia i Maquin\u00e0ria Agr\u00edcola de Nules tanca hui les seues portes amb la mirada posada ja a la propera edici\u00f3. La mostra ha comptat, un any m\u00e9s, amb diferents actes i activitats programats per a les diferents jornades que enguany s\u2019han vist alterats per la climatologia, de manera que la pluja &#8230; <a title=\"Nules tanca la 67 Fira de Ramaderia i Maquin\u00e0ria Agr\u00edcola. Una edici\u00f3 marcada per la pluja.\" class=\"read-more\" href=\"https:\/\/elcafedepipa.com\/index.php\/2024\/09\/22\/nules-tanca-la-67-fira-de-ramaderia-i-maquinaria-agricola-una-edicio-marcada-per-la-pluja\/\" aria-label=\"M\u00e9s informaci\u00f3 sobre Nules tanca la 67 Fira de Ramaderia i Maquin\u00e0ria Agr\u00edcola. Una edici\u00f3 marcada per la pluja.\">Read more<\/a><\/p>\n","protected":false},"author":2,"featured_media":0,"comment_status":"closed","ping_status":"closed","sticky":false,"template":"","format":"standard","meta":{"om_disable_all_campaigns":false,"_monsterinsights_skip_tracking":false,"_monsterinsights_sitenote_active":false,"_monsterinsights_sitenote_note":"","_monsterinsights_sitenote_category":0,"_uf_show_specific_survey":0,"_uf_disable_surveys":false,"footnotes":""},"categories":[3],"tags":[],"class_list":["post-5746","post","type-post","status-publish","format-standard","hentry","category-nules"],"_links":{"self":[{"href":"https:\/\/elcafedepipa.com\/index.php\/wp-json\/wp\/v2\/posts\/5746","targetHints":{"allow":["GET"]}}],"collection":[{"href":"https:\/\/elcafedepipa.com\/index.php\/wp-json\/wp\/v2\/posts"}],"about":[{"href":"https:\/\/elcafedepipa.com\/index.php\/wp-json\/wp\/v2\/types\/post"}],"author":[{"embeddable":true,"href":"https:\/\/elcafedepipa.com\/index.php\/wp-json\/wp\/v2\/users\/2"}],"replies":[{"embeddable":true,"href":"https:\/\/elcafedepipa.com\/index.php\/wp-json\/wp\/v2\/comments?post=5746"}],"version-history":[{"count":0,"href":"https:\/\/elcafedepipa.com\/index.php\/wp-json\/wp\/v2\/posts\/5746\/revisions"}],"wp:attachment":[{"href":"https:\/\/elcafedepipa.com\/index.php\/wp-json\/wp\/v2\/media?parent=5746"}],"wp:term":[{"taxonomy":"category","embeddable":true,"href":"https:\/\/elcafedepipa.com\/index.php\/wp-json\/wp\/v2\/categories?post=5746"},{"taxonomy":"post_tag","embeddable":true,"href":"https:\/\/elcafedepipa.com\/index.php\/wp-json\/wp\/v2\/tags?post=5746"}],"curies":[{"name":"wp","href":"https:\/\/api.w.org\/{rel}","templated":true}]}}