{"id":5732,"date":"2024-09-21T13:04:29","date_gmt":"2024-09-21T11:04:29","guid":{"rendered":"https:\/\/elcafedepipa.com\/?p=5732"},"modified":"2024-09-21T13:12:24","modified_gmt":"2024-09-21T11:12:24","slug":"iii-gala-benefica-del-grupo-monpiedra-dedicada-en-aquesta-ocasio-a-la-fundacion-isabel-gemio-i-pepa-llobet","status":"publish","type":"post","link":"https:\/\/elcafedepipa.com\/index.php\/2024\/09\/21\/iii-gala-benefica-del-grupo-monpiedra-dedicada-en-aquesta-ocasio-a-la-fundacion-isabel-gemio-i-pepa-llobet\/","title":{"rendered":"III Gala Ben\u00e8fica del Grupo Monpiedra dedicada en aquesta ocasi\u00f3 a la Fundaci\u00f3n Isabel Gemio i Pepa Llobet"},"content":{"rendered":"\n<p>Una nodrida representaci\u00f3 de la societat vallera i c\u00e0rrecs institucionals es van donar cita ahir a les instal\u00b7lacions del Restaurant Caixa San Isidro by Monpiedra on va tenir lloc la tercera gala ben\u00e8fica del grup que regenta Jos\u00e9 Mac\u00edas i que en aquesta ocasi\u00f3 ha estat dedicada a la Fundaci\u00f3 Isabel Gemio i Pepa Llobet de la Vall d&#8217;Uix\u00f3. L&#8217;import \u00edntegre tant dels men\u00fas com de les rifes i subhastes que van tenir lloc acabat el sopar van ser destinades a l&#8217;Associaci\u00f3 la missi\u00f3 de la qual \u00e9s fomentar la investigaci\u00f3 sobre la distr\u00f2fies musculars i altres malalties rares.<\/p>\n\n\n\n<p>La popular periodista va signar tamb\u00e9 un llibre de la qual \u00e9s autora i on es recull tota l&#8217;\u00e0rdua feina que s&#8217;est\u00e0 duent a terme des de la fundaci\u00f3 que porta el seu nom. <\/p>\n\n\n\n<p>Totes les persones que van intervenir a l&#8217;acte van animar els presents a transmetre el missatge a la societat de la import\u00e0ncia tant de ser solidaris com de destinar m\u00e9s recursos a la investigaci\u00f3 i a la ci\u00e8ncia.<\/p>\n\n\n\n<p><\/p>\n","protected":false},"excerpt":{"rendered":"<p>Una nodrida representaci\u00f3 de la societat vallera i c\u00e0rrecs institucionals es van donar cita ahir a les instal\u00b7lacions del Restaurant Caixa San Isidro by Monpiedra on va tenir lloc la tercera gala ben\u00e8fica del grup que regenta Jos\u00e9 Mac\u00edas i que en aquesta ocasi\u00f3 ha estat dedicada a la Fundaci\u00f3 Isabel Gemio i Pepa Llobet &#8230; <a title=\"III Gala Ben\u00e8fica del Grupo Monpiedra dedicada en aquesta ocasi\u00f3 a la Fundaci\u00f3n Isabel Gemio i Pepa Llobet\" class=\"read-more\" href=\"https:\/\/elcafedepipa.com\/index.php\/2024\/09\/21\/iii-gala-benefica-del-grupo-monpiedra-dedicada-en-aquesta-ocasio-a-la-fundacion-isabel-gemio-i-pepa-llobet\/\" aria-label=\"M\u00e9s informaci\u00f3 sobre III Gala Ben\u00e8fica del Grupo Monpiedra dedicada en aquesta ocasi\u00f3 a la Fundaci\u00f3n Isabel Gemio i Pepa Llobet\">Read more<\/a><\/p>\n","protected":false},"author":2,"featured_media":0,"comment_status":"closed","ping_status":"closed","sticky":false,"template":"","format":"standard","meta":{"om_disable_all_campaigns":false,"_monsterinsights_skip_tracking":false,"_monsterinsights_sitenote_active":false,"_monsterinsights_sitenote_note":"","_monsterinsights_sitenote_category":0,"_uf_show_specific_survey":0,"_uf_disable_surveys":false,"footnotes":""},"categories":[1],"tags":[],"class_list":["post-5732","post","type-post","status-publish","format-standard","hentry","category-non-classe"],"_links":{"self":[{"href":"https:\/\/elcafedepipa.com\/index.php\/wp-json\/wp\/v2\/posts\/5732","targetHints":{"allow":["GET"]}}],"collection":[{"href":"https:\/\/elcafedepipa.com\/index.php\/wp-json\/wp\/v2\/posts"}],"about":[{"href":"https:\/\/elcafedepipa.com\/index.php\/wp-json\/wp\/v2\/types\/post"}],"author":[{"embeddable":true,"href":"https:\/\/elcafedepipa.com\/index.php\/wp-json\/wp\/v2\/users\/2"}],"replies":[{"embeddable":true,"href":"https:\/\/elcafedepipa.com\/index.php\/wp-json\/wp\/v2\/comments?post=5732"}],"version-history":[{"count":0,"href":"https:\/\/elcafedepipa.com\/index.php\/wp-json\/wp\/v2\/posts\/5732\/revisions"}],"wp:attachment":[{"href":"https:\/\/elcafedepipa.com\/index.php\/wp-json\/wp\/v2\/media?parent=5732"}],"wp:term":[{"taxonomy":"category","embeddable":true,"href":"https:\/\/elcafedepipa.com\/index.php\/wp-json\/wp\/v2\/categories?post=5732"},{"taxonomy":"post_tag","embeddable":true,"href":"https:\/\/elcafedepipa.com\/index.php\/wp-json\/wp\/v2\/tags?post=5732"}],"curies":[{"name":"wp","href":"https:\/\/api.w.org\/{rel}","templated":true}]}}