{"id":5728,"date":"2024-09-21T12:49:36","date_gmt":"2024-09-21T10:49:36","guid":{"rendered":"https:\/\/elcafedepipa.com\/?p=5728"},"modified":"2024-09-21T12:49:42","modified_gmt":"2024-09-21T10:49:42","slug":"la-diputacio-de-castello-defen-el-paper-fonamental-que-exercixen-els-jutges-de-pau-en-ladministracio-de-justicia-en-els-municipis-xicotets-de-la-provincia","status":"publish","type":"post","link":"https:\/\/elcafedepipa.com\/index.php\/2024\/09\/21\/la-diputacio-de-castello-defen-el-paper-fonamental-que-exercixen-els-jutges-de-pau-en-ladministracio-de-justicia-en-els-municipis-xicotets-de-la-provincia\/","title":{"rendered":"La Diputaci\u00f3 de Castell\u00f3 def\u00e9n el paper fonamental que exercixen els jutges de pau en l&#8217;administraci\u00f3 de just\u00edcia en els municipis xicotets de la prov\u00edncia"},"content":{"rendered":"\n<p>El Govern Provincial portar\u00e0 a ple una moci\u00f3 per a mostrar el seu rebuig a l&#8217;eliminaci\u00f3 de la figura del jutge de pau, tal com est\u00e0 previst en l&#8217;avantprojecte de la Llei org\u00e0nica d&#8217;Efici\u00e8ncia Organitzativa del Servei P\u00fablic de Just\u00edcia.<\/p>\n\n\n\n<p>\u201cLa just\u00edcia de proximitat i la gesti\u00f3 adequada de conflictes no s&#8217;ent\u00e9n sense la figura del jutge de pau en els xicotets municipis de la nostra prov\u00edncia, i per aix\u00f2 reclamem el seu manteniment\u201d, ha subratllat la presidenta de la Diputaci\u00f3, Marta Barrachina.<\/p>\n\n\n\n<p>La dirigent provincial ha expressat \u201cla labor essencial de proximitat i contacte\u201d que ha vingut desenvolupant la figura del jutge de pau des dels seus inicis, en 1885. I \u00e9s que, per la seua proximitat al ciutad\u00e0 i el seu entorn, els jutjats de pau s\u00f3n perfectament coneixedors del context en qu\u00e8 actuen, de les particularitats de les problem\u00e0tiques que sorgixen i de les necessitats dels ve\u00efns.<\/p>\n\n\n\n<p>Des de la seua creaci\u00f3, el jutge de pau ha tingut sempre la funci\u00f3 d&#8217;estendre l&#8217;administraci\u00f3 de Just\u00edcia, especialment en les zones rurals. Quant a les seues funcions, en general s&#8217;encarreguen de labors relacionades amb el Registre Civil, a m\u00e9s de realitzar actes de conciliaci\u00f3 i mediaci\u00f3 entre els ve\u00efns.<\/p>\n\n\n\n<p>\u201cHem de blindar i refor\u00e7ar la figura dels jutges de pau perqu\u00e8 s\u00f3n part essencial en els nostres municipis. La seua desaparici\u00f3 suposa un retroc\u00e9s en la participaci\u00f3 ciutadana en l&#8217;Administraci\u00f3 de Just\u00edcia\u201d. \u201cEl jutge de pau ha de continuar sent tot un referent de consulta i suport entre els ve\u00efns\u201d, ha afegit la presidenta de la Diputaci\u00f3.<\/p>\n","protected":false},"excerpt":{"rendered":"<p>El Govern Provincial portar\u00e0 a ple una moci\u00f3 per a mostrar el seu rebuig a l&#8217;eliminaci\u00f3 de la figura del jutge de pau, tal com est\u00e0 previst en l&#8217;avantprojecte de la Llei org\u00e0nica d&#8217;Efici\u00e8ncia Organitzativa del Servei P\u00fablic de Just\u00edcia. \u201cLa just\u00edcia de proximitat i la gesti\u00f3 adequada de conflictes no s&#8217;ent\u00e9n sense la figura &#8230; <a title=\"La Diputaci\u00f3 de Castell\u00f3 def\u00e9n el paper fonamental que exercixen els jutges de pau en l&#8217;administraci\u00f3 de just\u00edcia en els municipis xicotets de la prov\u00edncia\" class=\"read-more\" href=\"https:\/\/elcafedepipa.com\/index.php\/2024\/09\/21\/la-diputacio-de-castello-defen-el-paper-fonamental-que-exercixen-els-jutges-de-pau-en-ladministracio-de-justicia-en-els-municipis-xicotets-de-la-provincia\/\" aria-label=\"M\u00e9s informaci\u00f3 sobre La Diputaci\u00f3 de Castell\u00f3 def\u00e9n el paper fonamental que exercixen els jutges de pau en l&#8217;administraci\u00f3 de just\u00edcia en els municipis xicotets de la prov\u00edncia\">Read more<\/a><\/p>\n","protected":false},"author":2,"featured_media":0,"comment_status":"closed","ping_status":"closed","sticky":false,"template":"","format":"standard","meta":{"om_disable_all_campaigns":false,"_monsterinsights_skip_tracking":false,"_monsterinsights_sitenote_active":false,"_monsterinsights_sitenote_note":"","_monsterinsights_sitenote_category":0,"_uf_show_specific_survey":0,"_uf_disable_surveys":false,"footnotes":""},"categories":[10],"tags":[],"class_list":["post-5728","post","type-post","status-publish","format-standard","hentry","category-provinciadecastello"],"_links":{"self":[{"href":"https:\/\/elcafedepipa.com\/index.php\/wp-json\/wp\/v2\/posts\/5728","targetHints":{"allow":["GET"]}}],"collection":[{"href":"https:\/\/elcafedepipa.com\/index.php\/wp-json\/wp\/v2\/posts"}],"about":[{"href":"https:\/\/elcafedepipa.com\/index.php\/wp-json\/wp\/v2\/types\/post"}],"author":[{"embeddable":true,"href":"https:\/\/elcafedepipa.com\/index.php\/wp-json\/wp\/v2\/users\/2"}],"replies":[{"embeddable":true,"href":"https:\/\/elcafedepipa.com\/index.php\/wp-json\/wp\/v2\/comments?post=5728"}],"version-history":[{"count":0,"href":"https:\/\/elcafedepipa.com\/index.php\/wp-json\/wp\/v2\/posts\/5728\/revisions"}],"wp:attachment":[{"href":"https:\/\/elcafedepipa.com\/index.php\/wp-json\/wp\/v2\/media?parent=5728"}],"wp:term":[{"taxonomy":"category","embeddable":true,"href":"https:\/\/elcafedepipa.com\/index.php\/wp-json\/wp\/v2\/categories?post=5728"},{"taxonomy":"post_tag","embeddable":true,"href":"https:\/\/elcafedepipa.com\/index.php\/wp-json\/wp\/v2\/tags?post=5728"}],"curies":[{"name":"wp","href":"https:\/\/api.w.org\/{rel}","templated":true}]}}