{"id":5723,"date":"2024-09-21T12:46:55","date_gmt":"2024-09-21T10:46:55","guid":{"rendered":"https:\/\/elcafedepipa.com\/?p=5723"},"modified":"2024-09-21T12:47:01","modified_gmt":"2024-09-21T10:47:01","slug":"nules-recorda-els-origens-de-la-fira-agricola-i-homenatja-als-expositors-mes-longeus","status":"publish","type":"post","link":"https:\/\/elcafedepipa.com\/index.php\/2024\/09\/21\/nules-recorda-els-origens-de-la-fira-agricola-i-homenatja-als-expositors-mes-longeus\/","title":{"rendered":"Nules recorda els or\u00edgens de la Fira Agr\u00edcola i homenatja als expositors m\u00e9s longeus"},"content":{"rendered":"\n<p>L&#8217;acte que ha estat presidit per l\u2019alcalde, David Garc\u00eda, el Secretari Auton\u00f2mic d\u2019Agricultura, Vicente Tejedo, el diputat provincial, Jos\u00e9 Mar\u00eda Andr\u00e9s, el regidor d\u2019Agricultura, C\u00e9sar Esta\u00f1ol i la Reina de la Vila de Nules, Nora Cano. I que ha comptat tamb\u00e9 amb la pres\u00e8ncia dels membres de la Corporaci\u00f3 Municipal, el cronista de la Vila, membres de la comissi\u00f3 de la fira, a m\u00e9s d\u2019expositors i de representants d\u2019entitats i associacions agr\u00edcoles de la prov\u00edncia de Castell\u00f3.<\/p>\n\n\n\n<p>S\u2019ha homenatjat a Antonio Gavara de l\u2019empresa local Maquin\u00e0ria de Polvoritzar Gavara per la seua traject\u00f2ria com a expositor de la fira durant d\u00e8cades. Aix\u00ed mateix, s\u2019ha presentat un v\u00eddeo documental de la hist\u00f2ria de la fira amb testimonis de familiars de Miguel Gozalbo, una de les persones impulsora d\u2019aquesta mostra.<\/p>\n\n\n\n<p>El regidor d\u2019Agricultura, C\u00e9sar Esta\u00f1ol, comenta que \u201camb aquest acte es vol seguir posant en valor la nostra fira i recon\u00e8ixer la seua traject\u00f2ria que est\u00e0 lligada tamb\u00e9 a la dels expositors que any rere any fan possible la continu\u00eftat d\u2019aquesta fira tan rellevant per al sector agrari\u201d.<\/p>\n\n\n\n<p><strong>Una fira amb molta tradici\u00f3<\/strong><\/p>\n\n\n\n<p>La LXXVII edici\u00f3 de la Fira de Ramaderia i Maquin\u00e0ria Agr\u00edcola de Nules t\u00e9 prop de 350 expositors, est\u00e0 instal\u00b7lada en una superf\u00edcie de m\u00e9s de 35.000 metres quadrats i sol ser visitada per m\u00e9s de 40.000 persones procedents de diferents punts de la prov\u00edncia de Castell\u00f3, principalment de poblacions de la comarca de la Plana Baixa.\u00a0<\/p>\n\n\n\n<p>Els or\u00edgens de la fira es troben en el Privilegi Reial concedit el 2 de juliol de 1347 per Pere el Cerimoni\u00f3s a Gilabert de Centelles (fundador de Nules) i el Reial Decret de 29 d\u2019agost de 1708 de Felip V pel qual s\u2019atorga a la Vila de Nules el privilegi de celebrar una fira franca. No obstant aix\u00f2, l\u2019origen de l\u2019actual fira es deu a la iniciativa dels ve\u00efns i les ve\u00efnes del raval de Sant Xotxim que en l\u2019any 1946 varen restituir per a la poblaci\u00f3 de Nules aquesta fira creada en els seus inicis pel Privilegi Reial.<\/p>\n\n\n\n<p><\/p>\n\n\n\n<p><\/p>\n","protected":false},"excerpt":{"rendered":"<p>L&#8217;acte que ha estat presidit per l\u2019alcalde, David Garc\u00eda, el Secretari Auton\u00f2mic d\u2019Agricultura, Vicente Tejedo, el diputat provincial, Jos\u00e9 Mar\u00eda Andr\u00e9s, el regidor d\u2019Agricultura, C\u00e9sar Esta\u00f1ol i la Reina de la Vila de Nules, Nora Cano. I que ha comptat tamb\u00e9 amb la pres\u00e8ncia dels membres de la Corporaci\u00f3 Municipal, el cronista de la Vila, &#8230; <a title=\"Nules recorda els or\u00edgens de la Fira Agr\u00edcola i homenatja als expositors m\u00e9s longeus\" class=\"read-more\" href=\"https:\/\/elcafedepipa.com\/index.php\/2024\/09\/21\/nules-recorda-els-origens-de-la-fira-agricola-i-homenatja-als-expositors-mes-longeus\/\" aria-label=\"M\u00e9s informaci\u00f3 sobre Nules recorda els or\u00edgens de la Fira Agr\u00edcola i homenatja als expositors m\u00e9s longeus\">Read more<\/a><\/p>\n","protected":false},"author":2,"featured_media":0,"comment_status":"closed","ping_status":"closed","sticky":false,"template":"","format":"standard","meta":{"om_disable_all_campaigns":false,"_monsterinsights_skip_tracking":false,"_monsterinsights_sitenote_active":false,"_monsterinsights_sitenote_note":"","_monsterinsights_sitenote_category":0,"_uf_show_specific_survey":0,"_uf_disable_surveys":false,"footnotes":""},"categories":[3],"tags":[],"class_list":["post-5723","post","type-post","status-publish","format-standard","hentry","category-nules"],"_links":{"self":[{"href":"https:\/\/elcafedepipa.com\/index.php\/wp-json\/wp\/v2\/posts\/5723","targetHints":{"allow":["GET"]}}],"collection":[{"href":"https:\/\/elcafedepipa.com\/index.php\/wp-json\/wp\/v2\/posts"}],"about":[{"href":"https:\/\/elcafedepipa.com\/index.php\/wp-json\/wp\/v2\/types\/post"}],"author":[{"embeddable":true,"href":"https:\/\/elcafedepipa.com\/index.php\/wp-json\/wp\/v2\/users\/2"}],"replies":[{"embeddable":true,"href":"https:\/\/elcafedepipa.com\/index.php\/wp-json\/wp\/v2\/comments?post=5723"}],"version-history":[{"count":0,"href":"https:\/\/elcafedepipa.com\/index.php\/wp-json\/wp\/v2\/posts\/5723\/revisions"}],"wp:attachment":[{"href":"https:\/\/elcafedepipa.com\/index.php\/wp-json\/wp\/v2\/media?parent=5723"}],"wp:term":[{"taxonomy":"category","embeddable":true,"href":"https:\/\/elcafedepipa.com\/index.php\/wp-json\/wp\/v2\/categories?post=5723"},{"taxonomy":"post_tag","embeddable":true,"href":"https:\/\/elcafedepipa.com\/index.php\/wp-json\/wp\/v2\/tags?post=5723"}],"curies":[{"name":"wp","href":"https:\/\/api.w.org\/{rel}","templated":true}]}}