{"id":5701,"date":"2024-09-20T15:05:14","date_gmt":"2024-09-20T13:05:14","guid":{"rendered":"https:\/\/elcafedepipa.com\/?p=5701"},"modified":"2024-09-20T15:05:15","modified_gmt":"2024-09-20T13:05:15","slug":"la-sala-pleamar-es-consolida-com-una-finestra-oberta-a-lart-a-moncofa","status":"publish","type":"post","link":"https:\/\/elcafedepipa.com\/index.php\/2024\/09\/20\/la-sala-pleamar-es-consolida-com-una-finestra-oberta-a-lart-a-moncofa\/","title":{"rendered":"La Sala Pleamar es consolida com una finestra oberta a l\u2019art a Moncofa"},"content":{"rendered":"\n<p>Moncofa ha consolidat la Sala Pleamar com un espai expositiu que obri la porta a artistes de la Plana Baixa i la prov\u00edncia de Castell\u00f3. Aix\u00ed ho ha explicat la regidora de Cultura de Moncofa, Ilenia Begnozzi: &#8220;Des de Pasqua fins a este mes de setembre per la sala Pleamar han passat 18 artistes i hem comptabilitzat m\u00e9s de 2000 visitants. Estem molt satisfets per l&#8217;acolliment que han tingut les exposicions, i els pintors i pintores ens han traslladat el seu agra\u00efment per comptar amb un espai privilegiat on mostrar les seues creacions&#8221;.<\/p>\n\n\n\n<p>Amb la sala Pleamar, situada al costat de l&#8217;Oficina de Turisme del municipi, l&#8217;Ajuntament de Moncofa ha potenciat un contenidor d&#8217;art que ofereix l&#8217;oportunitat d&#8217;exposar a artistes emergents de la zona. Des de Joaqu\u00edn Garc\u00eda a Laura Franch han passat enguany per Pleamar.<\/p>\n\n\n\n<p>A m\u00e9s de l&#8217;espai en si, la sala es troba en un lloc privilegiat, just enfront del Mediterrani, en un lloc central de la zona mar\u00edtima de Moncofa. Ilenia Begnozzi ha assenyalat que &#8220;els visitants valoren que a Moncofa no sols oferim sol i platja, sin\u00f3 que tamb\u00e9 potenciem la cultura en tots els seus vessants. Enguany hem pogut gaudir de manera especial de la pintura, i les xifres de visitants aix\u00ed ho demostren&#8221;. I per tot aix\u00f2 per a l&#8217;any que ve l&#8217;Ajuntament continuar\u00e0 apostant perqu\u00e8 la sala siga un espai obert on els creadors i creadores puguen mostrar la seua obra.<\/p>\n","protected":false},"excerpt":{"rendered":"<p>Moncofa ha consolidat la Sala Pleamar com un espai expositiu que obri la porta a artistes de la Plana Baixa i la prov\u00edncia de Castell\u00f3. Aix\u00ed ho ha explicat la regidora de Cultura de Moncofa, Ilenia Begnozzi: &#8220;Des de Pasqua fins a este mes de setembre per la sala Pleamar han passat 18 artistes i &#8230; <a title=\"La Sala Pleamar es consolida com una finestra oberta a l\u2019art a Moncofa\" class=\"read-more\" href=\"https:\/\/elcafedepipa.com\/index.php\/2024\/09\/20\/la-sala-pleamar-es-consolida-com-una-finestra-oberta-a-lart-a-moncofa\/\" aria-label=\"M\u00e9s informaci\u00f3 sobre La Sala Pleamar es consolida com una finestra oberta a l\u2019art a Moncofa\">Read more<\/a><\/p>\n","protected":false},"author":2,"featured_media":0,"comment_status":"closed","ping_status":"closed","sticky":false,"template":"","format":"standard","meta":{"om_disable_all_campaigns":false,"_monsterinsights_skip_tracking":false,"_monsterinsights_sitenote_active":false,"_monsterinsights_sitenote_note":"","_monsterinsights_sitenote_category":0,"_uf_show_specific_survey":0,"_uf_disable_surveys":false,"footnotes":""},"categories":[4],"tags":[],"class_list":["post-5701","post","type-post","status-publish","format-standard","hentry","category-moncofa"],"_links":{"self":[{"href":"https:\/\/elcafedepipa.com\/index.php\/wp-json\/wp\/v2\/posts\/5701","targetHints":{"allow":["GET"]}}],"collection":[{"href":"https:\/\/elcafedepipa.com\/index.php\/wp-json\/wp\/v2\/posts"}],"about":[{"href":"https:\/\/elcafedepipa.com\/index.php\/wp-json\/wp\/v2\/types\/post"}],"author":[{"embeddable":true,"href":"https:\/\/elcafedepipa.com\/index.php\/wp-json\/wp\/v2\/users\/2"}],"replies":[{"embeddable":true,"href":"https:\/\/elcafedepipa.com\/index.php\/wp-json\/wp\/v2\/comments?post=5701"}],"version-history":[{"count":0,"href":"https:\/\/elcafedepipa.com\/index.php\/wp-json\/wp\/v2\/posts\/5701\/revisions"}],"wp:attachment":[{"href":"https:\/\/elcafedepipa.com\/index.php\/wp-json\/wp\/v2\/media?parent=5701"}],"wp:term":[{"taxonomy":"category","embeddable":true,"href":"https:\/\/elcafedepipa.com\/index.php\/wp-json\/wp\/v2\/categories?post=5701"},{"taxonomy":"post_tag","embeddable":true,"href":"https:\/\/elcafedepipa.com\/index.php\/wp-json\/wp\/v2\/tags?post=5701"}],"curies":[{"name":"wp","href":"https:\/\/api.w.org\/{rel}","templated":true}]}}