{"id":5697,"date":"2024-09-20T15:00:14","date_gmt":"2024-09-20T13:00:14","guid":{"rendered":"https:\/\/elcafedepipa.com\/?p=5697"},"modified":"2024-09-20T15:00:44","modified_gmt":"2024-09-20T13:00:44","slug":"almenara-vota-si-al-canvi-de-nom-del-ceip","status":"publish","type":"post","link":"https:\/\/elcafedepipa.com\/index.php\/2024\/09\/20\/almenara-vota-si-al-canvi-de-nom-del-ceip\/","title":{"rendered":"Almenara vota &#8216;S\u00ed&#8217; al canvi de nom del CEIP"},"content":{"rendered":"\n<p>La majoria dels ve\u00efns i les ve\u00efnes d&#8217;Almenara que han participat en la consulta en l\u00ednia no vinculant realitzada des de l&#8217;ajuntament s&#8217;han mostrat a favor de canviar el nom del col\u00b7legi de la localitat a CEIP Almenara en lloc de l&#8217;actual CEIP Juan Carlos I.<\/p>\n\n\n\n<p>Quant al que s\u00f3n les xifres, a favor del canvi ha votat un 69,5% i en contra, un 30,5%. Pel que respecta al nombre de vots emesos, 470 persones han apostat pel s\u00ed, 206 persones han dit que no. \u00danicament s&#8217;ha pogut emetre un vot per persona empadronada major de 18 anys.<\/p>\n\n\n\n<p>El seg\u00fcent pas, una vegada acaben les festes, ser\u00e0 la convocat\u00f2ria per part de l&#8217;alcaldessa d&#8217;un Consell Escolar Municipal en el qual s&#8217;analitzaran els resultats i es prendran noves decisions sobre el proc\u00e9s. Cal assenyalar que la proposta definitiva amb el resultat de la consulta, els informes realitzats i els acords presos pr\u00e8viament per unanimitat, es traslladar\u00e0 a la Conselleria d&#8217;Educaci\u00f3, que \u00e9s qui t\u00e9 l&#8217;\u00faltima paraula en el canvi de denominaci\u00f3 del centre escolar.<\/p>\n\n\n\n<p>L&#8217;alcaldessa, Est\u00edbaliz P\u00e9rez, ha agra\u00eft la participaci\u00f3 en la consulta que s&#8217;ha realitzat durant la setmana \u201cen aquest proc\u00e9s obert de participaci\u00f3 ciutadana, perqu\u00e8 abans d&#8217;elevar la sol\u00b7licitud a la Conselleria d&#8217;Educaci\u00f3 vol\u00edem saber quina opini\u00f3 tenien els ve\u00efns i les ve\u00efnes davant la proposta de canvi de nom realitzada per unanimitat des del Consell Escolar del centre i referendada tamb\u00e9 un\u00e0nimement pel Consell Escolar Municipal, en el qual es va acordar realitzar aquesta consulta en l\u00ednia no vinculant\u201d.<\/p>\n\n\n\n<p>Cal recordar que el Consell Escolar del CEIP Juan Carlos I d&#8217;Almenara atenent el Decret 252\/2019 de 29 de novembre del Consell de Regulaci\u00f3 de l\u2019Organitzaci\u00f3 i Funcionament dels Centres va presentar un informe al Consell Escolar Municipal d&#8217;Almenara per a proposar el canvi de nom del col\u00b7legi at\u00e9s l&#8217;article 5 de l&#8217;esmentat decret, en el qual s&#8217;indica la denominaci\u00f3 gen\u00e8rica dels centres docents p\u00fablics. El nom proposat per unanimitat del Consell Escolar del CEIP Juan Carlos I \u00e9s canviar la denominaci\u00f3 per CEIP Almenara.<\/p>\n\n\n\n<p>El 15 de juliol es va celebrar sessi\u00f3 del Consell Escolar Municipal, que va aprovar per unanimitat l&#8217;informe rem\u00e9s des del Consell Escolar del CEIP Joan Carles I, acordant obrir una consulta p\u00fablica en l\u00ednia, acord que ara s&#8217;ha complit amb la celebraci\u00f3 d&#8217;aquesta.<\/p>\n\n\n\n<p>Segons l&#8217;informe del Consell Escolar Municipal d\u2019Almenara la finalitat del canvi de denominaci\u00f3 del col\u00b7legi es produeix per a: evitar divisions dins de la comunitat educativa i la ciutadania, unificar el nom de tots els centres educatius de la localitat, donar valor al municipi en donar el seu nom a l&#8217;escola i tindre un centre amb identitat pr\u00f2pia de manera atemporal independentment dels canvis que es produ\u00efsquen en la societat.<\/p>\n","protected":false},"excerpt":{"rendered":"<p>La majoria dels ve\u00efns i les ve\u00efnes d&#8217;Almenara que han participat en la consulta en l\u00ednia no vinculant realitzada des de l&#8217;ajuntament s&#8217;han mostrat a favor de canviar el nom del col\u00b7legi de la localitat a CEIP Almenara en lloc de l&#8217;actual CEIP Juan Carlos I. Quant al que s\u00f3n les xifres, a favor del &#8230; <a title=\"Almenara vota &#8216;S\u00ed&#8217; al canvi de nom del CEIP\" class=\"read-more\" href=\"https:\/\/elcafedepipa.com\/index.php\/2024\/09\/20\/almenara-vota-si-al-canvi-de-nom-del-ceip\/\" aria-label=\"M\u00e9s informaci\u00f3 sobre Almenara vota &#8216;S\u00ed&#8217; al canvi de nom del CEIP\">Read more<\/a><\/p>\n","protected":false},"author":2,"featured_media":0,"comment_status":"closed","ping_status":"closed","sticky":false,"template":"","format":"standard","meta":{"om_disable_all_campaigns":false,"_monsterinsights_skip_tracking":false,"_monsterinsights_sitenote_active":false,"_monsterinsights_sitenote_note":"","_monsterinsights_sitenote_category":0,"_uf_show_specific_survey":0,"_uf_disable_surveys":false,"footnotes":""},"categories":[5],"tags":[],"class_list":["post-5697","post","type-post","status-publish","format-standard","hentry","category-almenara"],"_links":{"self":[{"href":"https:\/\/elcafedepipa.com\/index.php\/wp-json\/wp\/v2\/posts\/5697","targetHints":{"allow":["GET"]}}],"collection":[{"href":"https:\/\/elcafedepipa.com\/index.php\/wp-json\/wp\/v2\/posts"}],"about":[{"href":"https:\/\/elcafedepipa.com\/index.php\/wp-json\/wp\/v2\/types\/post"}],"author":[{"embeddable":true,"href":"https:\/\/elcafedepipa.com\/index.php\/wp-json\/wp\/v2\/users\/2"}],"replies":[{"embeddable":true,"href":"https:\/\/elcafedepipa.com\/index.php\/wp-json\/wp\/v2\/comments?post=5697"}],"version-history":[{"count":0,"href":"https:\/\/elcafedepipa.com\/index.php\/wp-json\/wp\/v2\/posts\/5697\/revisions"}],"wp:attachment":[{"href":"https:\/\/elcafedepipa.com\/index.php\/wp-json\/wp\/v2\/media?parent=5697"}],"wp:term":[{"taxonomy":"category","embeddable":true,"href":"https:\/\/elcafedepipa.com\/index.php\/wp-json\/wp\/v2\/categories?post=5697"},{"taxonomy":"post_tag","embeddable":true,"href":"https:\/\/elcafedepipa.com\/index.php\/wp-json\/wp\/v2\/tags?post=5697"}],"curies":[{"name":"wp","href":"https:\/\/api.w.org\/{rel}","templated":true}]}}