{"id":5667,"date":"2024-09-20T10:03:47","date_gmt":"2024-09-20T08:03:47","guid":{"rendered":"https:\/\/elcafedepipa.com\/?p=5667"},"modified":"2024-09-20T10:08:43","modified_gmt":"2024-09-20T08:08:43","slug":"un-centar-de-propostes-reivindicaran-la-importancia-de-lesmorzar-en-la-segona-edicio-de-gastroalmuerzos","status":"publish","type":"post","link":"https:\/\/elcafedepipa.com\/index.php\/2024\/09\/20\/un-centar-de-propostes-reivindicaran-la-importancia-de-lesmorzar-en-la-segona-edicio-de-gastroalmuerzos\/","title":{"rendered":"Un centenar de propostes reivindicaran la import\u00e0ncia de l&#8217;esmorzar en la segona edici\u00f3 de &#8220;Gastroalmuerzos&#8221;"},"content":{"rendered":"\n<p>La campanya, que comen\u00e7a el 24 de setembre i finalitza el 8 d&#8217;octubre, inclou propostes molt variades repartides per tota la Comunitat Valenciana. Els locals participants ofereixen un esmorzar complet, elaborat amb producte local i acompanyat dels habituals elements per compartir.<\/p>\n\n\n\n<p>La Confederaci\u00f3 d&#8217;Hostaleria i Turisme de la Comunitat Valenciana (CONHOSTUR) formada per les associacions provincials ASHOTUR, Hostaleria Val\u00e8ncia i APEHA, juntament amb Turisme Comunitat Valenciana presenta aquesta edici\u00f3 despr\u00e9s de la bona acollida de l&#8217;any passat.<\/p>\n\n\n\n<p>A la campanya s&#8217;hi han sumat prop de 100 establiments hostalers repartits entre les tres prov\u00edncies, que presenten propostes molt diverses, per\u00f2 sempre basades en el producte local. Aquestes inclouen un esmorzar complet, especialitat de la casa, amb els seus habituals elements per compartir. Als entrepans -coques, torrades o plats de tota mena-, cal sumar-hi els cacaus del collaret, els adobats o les amanides, sense oblidar el tradicional cremaet o el carajillo. Tot aix\u00f2, amb preus entre els 6 i 18 euros, depenent del bar o restaurant elegit, perqu\u00e8 resulti accessible a tots els p\u00fablics. Els participants ja es poden consultar al mapa navegable de la p\u00e0gina web www.gastroalmuerzos.com<\/p>\n\n\n\n<p>A la presentaci\u00f3 celebrada al restaurant l&#8217;Agull\u00f3 de Benicassim hi han assistit Esther Labaig, directora del CdT de Castell\u00f3, Susana Marqu\u00e9s, Alcaldessa de Benicassim, Elena Llobet, regidora de Turisme, i el president d&#8217;ASHOTUR, Carlos Escorihuela.<\/p>\n\n\n\n<p>A Castell\u00f3 participen 19 locals a 14 localitats de costa i d&#8217;interior, es troben locals com Les Cholines a Alfondeguilla, Restaurant Torre\u00f3n a Benicasim amb el seu cl\u00e0ssic chivito o Asador Aguilar a Segorbe. <\/p>\n\n\n\n<p><\/p>\n\n\n\n<p><\/p>\n","protected":false},"excerpt":{"rendered":"<p>La campanya, que comen\u00e7a el 24 de setembre i finalitza el 8 d&#8217;octubre, inclou propostes molt variades repartides per tota la Comunitat Valenciana. Els locals participants ofereixen un esmorzar complet, elaborat amb producte local i acompanyat dels habituals elements per compartir. La Confederaci\u00f3 d&#8217;Hostaleria i Turisme de la Comunitat Valenciana (CONHOSTUR) formada per les associacions &#8230; <a title=\"Un centenar de propostes reivindicaran la import\u00e0ncia de l&#8217;esmorzar en la segona edici\u00f3 de &#8220;Gastroalmuerzos&#8221;\" class=\"read-more\" href=\"https:\/\/elcafedepipa.com\/index.php\/2024\/09\/20\/un-centar-de-propostes-reivindicaran-la-importancia-de-lesmorzar-en-la-segona-edicio-de-gastroalmuerzos\/\" aria-label=\"M\u00e9s informaci\u00f3 sobre Un centenar de propostes reivindicaran la import\u00e0ncia de l&#8217;esmorzar en la segona edici\u00f3 de &#8220;Gastroalmuerzos&#8221;\">Read more<\/a><\/p>\n","protected":false},"author":2,"featured_media":0,"comment_status":"closed","ping_status":"closed","sticky":false,"template":"","format":"standard","meta":{"om_disable_all_campaigns":false,"_monsterinsights_skip_tracking":false,"_monsterinsights_sitenote_active":false,"_monsterinsights_sitenote_note":"","_monsterinsights_sitenote_category":0,"_uf_show_specific_survey":0,"_uf_disable_surveys":false,"footnotes":""},"categories":[10],"tags":[],"class_list":["post-5667","post","type-post","status-publish","format-standard","hentry","category-provinciadecastello"],"_links":{"self":[{"href":"https:\/\/elcafedepipa.com\/index.php\/wp-json\/wp\/v2\/posts\/5667","targetHints":{"allow":["GET"]}}],"collection":[{"href":"https:\/\/elcafedepipa.com\/index.php\/wp-json\/wp\/v2\/posts"}],"about":[{"href":"https:\/\/elcafedepipa.com\/index.php\/wp-json\/wp\/v2\/types\/post"}],"author":[{"embeddable":true,"href":"https:\/\/elcafedepipa.com\/index.php\/wp-json\/wp\/v2\/users\/2"}],"replies":[{"embeddable":true,"href":"https:\/\/elcafedepipa.com\/index.php\/wp-json\/wp\/v2\/comments?post=5667"}],"version-history":[{"count":0,"href":"https:\/\/elcafedepipa.com\/index.php\/wp-json\/wp\/v2\/posts\/5667\/revisions"}],"wp:attachment":[{"href":"https:\/\/elcafedepipa.com\/index.php\/wp-json\/wp\/v2\/media?parent=5667"}],"wp:term":[{"taxonomy":"category","embeddable":true,"href":"https:\/\/elcafedepipa.com\/index.php\/wp-json\/wp\/v2\/categories?post=5667"},{"taxonomy":"post_tag","embeddable":true,"href":"https:\/\/elcafedepipa.com\/index.php\/wp-json\/wp\/v2\/tags?post=5667"}],"curies":[{"name":"wp","href":"https:\/\/api.w.org\/{rel}","templated":true}]}}